{"id":49023,"date":"2025-04-22T10:45:05","date_gmt":"2025-04-22T10:45:05","guid":{"rendered":"https:\/\/247stiri.ro\/index.php\/2025\/04\/22\/si-a-dat-viata-pentru-a-si-salva-copilul-o-tanara-mama-din-suceava-lovita-mortal-de-o-masina-in-a-doua-zi-de-paste\/"},"modified":"2025-04-22T10:45:05","modified_gmt":"2025-04-22T10:45:05","slug":"si-a-dat-viata-pentru-a-si-salva-copilul-o-tanara-mama-din-suceava-lovita-mortal-de-o-masina-in-a-doua-zi-de-paste","status":"publish","type":"post","link":"https:\/\/247stiri.ro\/index.php\/2025\/04\/22\/si-a-dat-viata-pentru-a-si-salva-copilul-o-tanara-mama-din-suceava-lovita-mortal-de-o-masina-in-a-doua-zi-de-paste\/","title":{"rendered":"\u0218i-a dat via\u021ba pentru a-\u0219i salva copilul: o t\u00e2n\u0103r\u0103 mam\u0103 din Suceava, lovit\u0103 mortal de o ma\u0219in\u0103 \u00een a doua zi de Pa\u0219te"},"content":{"rendered":"<p>Cum s-a \u00eent\u00e2mplat tragedia?<\/p>\n<p><a href=\"https:\/\/www.realitatea.net\/stiri\/actual\/accident-grav-pe-o-sosea-din-romania-o-femeie-in-stare-critica-si-un-copil-ranit-dupa-ce-au-fost-spulberati-de-o-masina_68064bff40e98813bb7cb2a9\" target=\"_blank\">Potrivit martorilor,<\/a> copila de 4 ani a ie\u0219it brusc din curte \u0219i s-a \u00eendreptat spre \u0219osea. F\u0103r\u0103 s\u0103 stea pe g\u00e2nduri, mama a fugit dup\u0103 ea pentru a o proteja, dar a fost surprins\u0103 de un autoturism care circula pe drum. Impactul a fost violent, iar femeia nu a mai avut nicio \u0219ans\u0103.<\/p>\n<p>\u201eCopilul a ie\u0219it din ograd\u0103, ea a alergat dup\u0103 el\u2026 era o mul\u021bime de ma\u0219ini parcate acolo, nu avea vizibilitate\u201d, a povestit un vecin.<\/p>\n<p>Feti\u021ba a fost r\u0103nit\u0103 u\u0219or \u0219i a fost preluat\u0103 con\u0219tient\u0103 de un echipaj SMURD. \u201ePrezenta un traumatism cranian minor \u0219i a fost transportat\u0103 la spital pentru evaluare \u0219i \u00eengrijiri medicale\u201d, a declarat Alin G\u0103leat\u0103, purt\u0103tor de cuv\u00e2nt al ISU Suceava.<\/p>\n<p>Din p\u0103cate, mama sa nu a mai putut fi salvat\u0103, \u00een ciuda eforturilor medicilor care au \u00eencercat s\u0103 o resusciteze.<\/p>\n<p>\u0218oferul implicat \u00een accident nu avea dreptul de a conduce<\/p>\n<p>La volanul ma\u0219inii se afla un t\u00e2n\u0103r de 25 de ani, care, de\u0219i de\u021binea permis de conducere, avea dreptul de a conduce suspendat la momentul producerii accidentului. Testat la fa\u021ba locului, rezultatul etilotestului a indicat c\u0103 nu consumase alcool.<\/p>\n<p>\u201ePoli\u021bi\u0219tii au deschis un dosar penal pentru ucidere din culp\u0103, v\u0103t\u0103mare corporal\u0103 din culp\u0103 \u0219i conducerea unui vehicul cu permisul suspendat\u201d, a precizat Ionu\u021b Epureanu, reprezentant al IPJ Suceava.<\/p>\n<p>Vecinii sunt \u00een stare de \u0219oc. \u00cen fa\u021ba por\u021bii tinerei, oamenii au aprins lum\u00e2n\u0103ri \u0219i au depus flori. Nu le vine s\u0103 cread\u0103 c\u0103 o via\u021b\u0103 at\u00e2t de t\u00e2n\u0103r\u0103 a fost curmat\u0103 \u00eentr-un mod at\u00e2t de tragic.<\/p>\n<p>\u201eEra o fat\u0103 cuminte, lini\u0219tit\u0103, o mam\u0103 devotat\u0103\u2026 Nu po\u021bi s\u0103-\u021bi imaginezi a\u0219a ceva\u201d, a spus o localnic\u0103 cu lacrimi \u00een ochi.<\/p>\n<p><a href=\"https:\/\/www.realitatea.net\/stiri\/actual\/accident-grav-in-sibiu-victimele-sunt-o-femeie-si-doi-copii-dupa-ce-masina-lor-a-lovit-un-cap-de-pod_680662c31f980f53ad5ee522\" target=\"_blank\">Ancheta este \u00een desf\u0103\u0219urare<\/a>, iar \u0219oferul risc\u0103 p\u00e2n\u0103 la cinci ani de \u00eenchisoare dac\u0103 va fi g\u0103sit vinovat. \u00centre timp, o feti\u021b\u0103 de patru ani a r\u0103mas f\u0103r\u0103 mam\u0103, \u00eentr-o zi care ar fi trebuit s\u0103 fie a bucuriei.<\/p>","protected":false},"excerpt":{"rendered":"<p>Cum s-a \u00eent\u00e2mplat tragedia? Potrivit martorilor, copila de 4 ani a ie\u0219it brusc din curte&hellip;<\/p>\n","protected":false},"author":0,"featured_media":49024,"comment_status":"open","ping_status":"open","sticky":false,"template":"","format":"standard","meta":{"footnotes":""},"categories":[2],"tags":[],"class_list":["post-49023","post","type-post","status-publish","format-standard","has-post-thumbnail","hentry","category-actual"],"_links":{"self":[{"href":"https:\/\/247stiri.ro\/index.php\/wp-json\/wp\/v2\/posts\/49023","targetHints":{"allow":["GET"]}}],"collection":[{"href":"https:\/\/247stiri.ro\/index.php\/wp-json\/wp\/v2\/posts"}],"about":[{"href":"https:\/\/247stiri.ro\/index.php\/wp-json\/wp\/v2\/types\/post"}],"replies":[{"embeddable":true,"href":"https:\/\/247stiri.ro\/index.php\/wp-json\/wp\/v2\/comments?post=49023"}],"version-history":[{"count":0,"href":"https:\/\/247stiri.ro\/index.php\/wp-json\/wp\/v2\/posts\/49023\/revisions"}],"wp:featuredmedia":[{"embeddable":true,"href":"https:\/\/247stiri.ro\/index.php\/wp-json\/wp\/v2\/media\/49024"}],"wp:attachment":[{"href":"https:\/\/247stiri.ro\/index.php\/wp-json\/wp\/v2\/media?parent=49023"}],"wp:term":[{"taxonomy":"category","embeddable":true,"href":"https:\/\/247stiri.ro\/index.php\/wp-json\/wp\/v2\/categories?post=49023"},{"taxonomy":"post_tag","embeddable":true,"href":"https:\/\/247stiri.ro\/index.php\/wp-json\/wp\/v2\/tags?post=49023"}],"curies":[{"name":"wp","href":"https:\/\/api.w.org\/{rel}","templated":true}]}}