{"id":49028,"date":"2025-04-22T11:44:51","date_gmt":"2025-04-22T11:44:51","guid":{"rendered":"https:\/\/247stiri.ro\/index.php\/2025\/04\/22\/sfantul-gheorghe-o-zi-a-curajului-si-credintei-urari-si-ganduri-frumoase-pentru-cei-care-isi-serbeaza-onomastica-pe-23-aprilie\/"},"modified":"2025-04-22T11:44:51","modified_gmt":"2025-04-22T11:44:51","slug":"sfantul-gheorghe-o-zi-a-curajului-si-credintei-urari-si-ganduri-frumoase-pentru-cei-care-isi-serbeaza-onomastica-pe-23-aprilie","status":"publish","type":"post","link":"https:\/\/247stiri.ro\/index.php\/2025\/04\/22\/sfantul-gheorghe-o-zi-a-curajului-si-credintei-urari-si-ganduri-frumoase-pentru-cei-care-isi-serbeaza-onomastica-pe-23-aprilie\/","title":{"rendered":"Sf\u00e2ntul Gheorghe \u2013 O zi a curajului \u0219i credin\u021bei. Ur\u0103ri \u0219i g\u00e2nduri frumoase pentru cei care \u00ee\u0219i serbeaz\u0103 onomastica pe 23 aprilie"},"content":{"rendered":"<p>Este o zi cu puternic\u0103 \u00eenc\u0103rc\u0103tur\u0103 spiritual\u0103, dar \u0219i un moment de s\u0103rb\u0103toare pentru to\u021bi cei care poart\u0103 numele acestui mare sf\u00e2nt \u2013 Gheorghe, Gheorghi\u021b\u0103, Georgiana, Gina, Geta \u0219i altele.<\/p>\n<p>Aceast\u0103 s\u0103rb\u0103toare, una dintre cele mai iubite din calendarul ortodox, ofer\u0103 prilejul perfect pentru a transmite g\u00e2nduri frumoase, binecuv\u00e2nt\u0103ri \u0219i mesaje de suflet celor dragi.<\/p>\n<p>Cine a fost Sf\u00e2ntul Gheorghe?<\/p>\n<p><a href=\"https:\/\/www.realitatea.net\/stiri\/actual\/ce-trebuie-sa-dai-de-pomana-de-sfantul-gheorghe-pe-23-aprilie-si-de-ce_680772cc0e7afc401f322362\" target=\"_blank\">Sf\u00e2ntul Gheorghe<\/a> este unul dintre cei mai venera\u021bi sfin\u021bi ai cre\u0219tin\u0103t\u0103\u021bii. Ofi\u021ber \u00een armata roman\u0103 \u00een secolul al III-lea, sub domnia \u00eemp\u0103ratului Diocle\u021bian, el a ales s\u0103 nu renun\u021be la credin\u021ba sa \u00een Hristos, chiar cu pre\u021bul vie\u021bii. A fost supus la torturi cumplite \u0219i a fost executat pentru c\u0103 a refuzat s\u0103 se \u00eenchine zeilor p\u0103g\u00e2ni. Este adesea reprezentat \u00een icoane c\u0103lare pe un cal alb, \u00eenfrunt\u00e2nd un balaur \u2013 imaginea simbolic\u0103 a luptei dintre bine \u0219i r\u0103u.<\/p>\n<p>Sf\u00e2ntul Gheorghe este patron spiritual al mai multor \u021b\u0103ri, ora\u0219e \u0219i institu\u021bii \u0219i este invocat ca protector al solda\u021bilor, al celor care se afl\u0103 \u00een primejdii \u0219i al celor ce au nevoie de curaj \u00een via\u021b\u0103.<\/p>\n<p>Ur\u0103ri \u0219i mesaje pentru s\u0103rb\u0103tori\u021bii zilei<\/p>\n<p>\u201eFie ca Sf\u00e2ntul Gheorghe s\u0103-\u021bi fie mereu al\u0103turi, s\u0103-\u021bi c\u0103l\u0103uzeasc\u0103 pa\u0219ii \u0219i s\u0103-\u021bi \u00eent\u0103reasc\u0103 credin\u021ba. La mul\u021bi ani cu s\u0103n\u0103tate, lini\u0219te \u0219i lumin\u0103!\u201d<\/p>\n<p>\u00a0\u201e\u00cen aceast\u0103 zi sf\u00e2nt\u0103, \u00ee\u021bi doresc ca dragostea, credin\u021ba \u0219i binecuv\u00e2nt\u0103rile s\u0103-\u021bi \u00eenso\u021beasc\u0103 fiecare pas. La mul\u021bi ani cu sufletul plin de bucurie!\u201d<\/p>\n<p>\u201eS\u0103 por\u021bi cu m\u00e2ndrie numele Sf\u00e2ntului Gheorghe \u0219i s\u0103 ai parte de protec\u021bia \u0219i curajul lui \u00een fiecare zi a vie\u021bii tale. S\u0103rb\u0103toare cu pace \u0219i har!\u201d<\/p>\n<p>\u201eLa ceas de s\u0103rb\u0103toare, \u00ee\u021bi trimit cele mai bune g\u00e2nduri: s\u0103n\u0103tate, iubire, bucurii \u0219i o inim\u0103 senin\u0103. La mul\u021bi ani, cu tot dragul!\u201d<\/p>\n<p>\u201eSf\u00e2ntul Gheorghe s\u0103 te ocroteasc\u0103 \u0219i s\u0103 te inspire mereu. Fie ca binele s\u0103-\u021bi \u00eenfloreasc\u0103 \u00een via\u021b\u0103, iar speran\u021ba s\u0103 nu te p\u0103r\u0103seasc\u0103 niciodat\u0103.\u201d<\/p>\n<p>\u201eLa mul\u021bi ani tuturor celor care \u00ee\u0219i serbeaz\u0103 numele azi! S\u0103 fi\u021bi \u00eenconjura\u021bi de lumin\u0103, prieteni adev\u0103ra\u021bi \u0219i zile senine.\u201d<\/p>\n<p><a href=\"https:\/\/www.realitatea.net\/stiri\/lifestyle\/sfantul-gheorghe-ce-trebuie-sa-faca-tinerele-nemaritate-in-aceasta-noapte_66275758b035c8228c253bda\" target=\"_blank\">Ziua Sf\u00e2ntului Gheorghe<\/a> nu este doar un moment de s\u0103rb\u0103toare onomastic\u0103, ci \u0219i o ocazie de a reflecta la for\u021ba credin\u021bei \u0219i la puterea curajului. \u00centr-o lume \u00een care provoc\u0103rile apar la tot pasul, exemplul Sf\u00e2ntului Gheorghe ne aminte\u0219te c\u00e2t de important este s\u0103 r\u0103m\u00e2nem verticali \u0219i s\u0103 ne p\u0103str\u0103m valorile.<\/p>\n<p>La mul\u021bi ani binecuv\u00e2nta\u021bi tuturor s\u0103rb\u0103tori\u021bilor! \ud83c\udf3a<\/p>","protected":false},"excerpt":{"rendered":"<p>Este o zi cu puternic\u0103 \u00eenc\u0103rc\u0103tur\u0103 spiritual\u0103, dar \u0219i un moment de s\u0103rb\u0103toare pentru to\u021bi&hellip;<\/p>\n","protected":false},"author":0,"featured_media":49029,"comment_status":"open","ping_status":"open","sticky":false,"template":"","format":"standard","meta":{"footnotes":""},"categories":[8],"tags":[],"class_list":["post-49028","post","type-post","status-publish","format-standard","has-post-thumbnail","hentry","category-lifestyle"],"_links":{"self":[{"href":"https:\/\/247stiri.ro\/index.php\/wp-json\/wp\/v2\/posts\/49028","targetHints":{"allow":["GET"]}}],"collection":[{"href":"https:\/\/247stiri.ro\/index.php\/wp-json\/wp\/v2\/posts"}],"about":[{"href":"https:\/\/247stiri.ro\/index.php\/wp-json\/wp\/v2\/types\/post"}],"replies":[{"embeddable":true,"href":"https:\/\/247stiri.ro\/index.php\/wp-json\/wp\/v2\/comments?post=49028"}],"version-history":[{"count":0,"href":"https:\/\/247stiri.ro\/index.php\/wp-json\/wp\/v2\/posts\/49028\/revisions"}],"wp:featuredmedia":[{"embeddable":true,"href":"https:\/\/247stiri.ro\/index.php\/wp-json\/wp\/v2\/media\/49029"}],"wp:attachment":[{"href":"https:\/\/247stiri.ro\/index.php\/wp-json\/wp\/v2\/media?parent=49028"}],"wp:term":[{"taxonomy":"category","embeddable":true,"href":"https:\/\/247stiri.ro\/index.php\/wp-json\/wp\/v2\/categories?post=49028"},{"taxonomy":"post_tag","embeddable":true,"href":"https:\/\/247stiri.ro\/index.php\/wp-json\/wp\/v2\/tags?post=49028"}],"curies":[{"name":"wp","href":"https:\/\/api.w.org\/{rel}","templated":true}]}}