{"id":49106,"date":"2025-04-22T14:44:57","date_gmt":"2025-04-22T14:44:57","guid":{"rendered":"https:\/\/247stiri.ro\/index.php\/2025\/04\/22\/ce-i-se-pregateste-lui-calin-georgescu-inainte-de-alegeri-surse-a-fost-citat-la-parchet-joi-cu-doua-zile-inainte-de-expirarea-controlului-judiciar\/"},"modified":"2025-04-22T14:44:57","modified_gmt":"2025-04-22T14:44:57","slug":"ce-i-se-pregateste-lui-calin-georgescu-inainte-de-alegeri-surse-a-fost-citat-la-parchet-joi-cu-doua-zile-inainte-de-expirarea-controlului-judiciar","status":"publish","type":"post","link":"https:\/\/247stiri.ro\/index.php\/2025\/04\/22\/ce-i-se-pregateste-lui-calin-georgescu-inainte-de-alegeri-surse-a-fost-citat-la-parchet-joi-cu-doua-zile-inainte-de-expirarea-controlului-judiciar\/","title":{"rendered":"Ce i se preg\u0103te\u0219te lui C\u0103lin Georgescu \u00eenainte de alegeri. SURSE: A fost citat la Parchet joi, cu dou\u0103 zile \u00eenainte de expirarea controlului judiciar"},"content":{"rendered":"<p>Sursele Realitatea PLUS spun c\u0103 joi, cu dou\u0103 zile \u00eenainte de a-i expira m\u0103sura controlului judiciar, C\u0103lin Georgescu a fost citat la Parchetul General. Acolo va fi informat c\u0103 \u00eei este prelungit\u0103 aceast\u0103 m\u0103sur\u0103 \u00een ancheta declan\u0219at\u0103 de procurori \u00eenc\u0103 din luna februarie. Din acel moment, potrivit acelora\u0219i surse, nu s-a mai lucrat nimic \u00een acest dosar, \u00een ceea ce-l prive\u0219te strict pe C\u0103lin Georgescu.C\u0103lin Georgescu are posibilitatea s\u0103 conteste prelungirea m\u0103surii controlului judiciar \u00een instan\u021b\u0103.Este foarte important \u0219i momentul \u00een care se \u00eent\u00e2mpl\u0103 asta, campania electoral\u0103 fiind \u00een plin\u0103 desf\u0103\u0219urare.C\u0103lin Georgescu a ap\u0103rut recent al\u0103turi de George Simion la slujba de \u00cenviere \u0219i, de asemenea, George Simion, liderul\u00a0suveranit\u0103\u021bilor, a explicat faptul c\u0103 este \u00een\u00a0permanent\u0103 leg\u0103tur\u0103\u00a0cu C\u0103lin Georgescu, se coordoneaz\u0103 cu el \u00een aceast\u0103 campanie pentru prima func\u021bie \u00een stat \u0219i\u00a0chiar\u00a0se bucur\u0103 de sus\u021binerea lui.<\/p>","protected":false},"excerpt":{"rendered":"<p>Sursele Realitatea PLUS spun c\u0103 joi, cu dou\u0103 zile \u00eenainte de a-i expira m\u0103sura controlului&hellip;<\/p>\n","protected":false},"author":0,"featured_media":49103,"comment_status":"open","ping_status":"open","sticky":false,"template":"","format":"standard","meta":{"footnotes":""},"categories":[2],"tags":[],"class_list":["post-49106","post","type-post","status-publish","format-standard","has-post-thumbnail","hentry","category-actual"],"_links":{"self":[{"href":"https:\/\/247stiri.ro\/index.php\/wp-json\/wp\/v2\/posts\/49106","targetHints":{"allow":["GET"]}}],"collection":[{"href":"https:\/\/247stiri.ro\/index.php\/wp-json\/wp\/v2\/posts"}],"about":[{"href":"https:\/\/247stiri.ro\/index.php\/wp-json\/wp\/v2\/types\/post"}],"replies":[{"embeddable":true,"href":"https:\/\/247stiri.ro\/index.php\/wp-json\/wp\/v2\/comments?post=49106"}],"version-history":[{"count":0,"href":"https:\/\/247stiri.ro\/index.php\/wp-json\/wp\/v2\/posts\/49106\/revisions"}],"wp:featuredmedia":[{"embeddable":true,"href":"https:\/\/247stiri.ro\/index.php\/wp-json\/wp\/v2\/media\/49103"}],"wp:attachment":[{"href":"https:\/\/247stiri.ro\/index.php\/wp-json\/wp\/v2\/media?parent=49106"}],"wp:term":[{"taxonomy":"category","embeddable":true,"href":"https:\/\/247stiri.ro\/index.php\/wp-json\/wp\/v2\/categories?post=49106"},{"taxonomy":"post_tag","embeddable":true,"href":"https:\/\/247stiri.ro\/index.php\/wp-json\/wp\/v2\/tags?post=49106"}],"curies":[{"name":"wp","href":"https:\/\/api.w.org\/{rel}","templated":true}]}}