{"id":49120,"date":"2025-04-22T15:44:47","date_gmt":"2025-04-22T15:44:47","guid":{"rendered":"https:\/\/247stiri.ro\/index.php\/2025\/04\/22\/testul-optic-ce-poate-ajuta-la-identificarea-trasaturilor-autiste-in-cateva-secunde-video\/"},"modified":"2025-04-22T15:44:47","modified_gmt":"2025-04-22T15:44:47","slug":"testul-optic-ce-poate-ajuta-la-identificarea-trasaturilor-autiste-in-cateva-secunde-video","status":"publish","type":"post","link":"https:\/\/247stiri.ro\/index.php\/2025\/04\/22\/testul-optic-ce-poate-ajuta-la-identificarea-trasaturilor-autiste-in-cateva-secunde-video\/","title":{"rendered":"Testul optic ce poate ajuta la identificarea tr\u0103s\u0103turilor autiste \u00een c\u00e2teva secunde &#8211; VIDEO"},"content":{"rendered":"<p>Testul bazat pe o iluzie optic\u0103 prezint\u0103 puncte albe \u0219i negre ce pot fi percepute fie ca dou\u0103 foi separate, care se mi\u0219c\u0103 \u00een direc\u021bii diferite, fie ca o coloan\u0103 care pare s\u0103 se roteasc\u0103. Dac\u0103 vede\u021bi punctele ca dou\u0103 foi separate \u00een mi\u0219care, este pentru c\u0103 v\u0103 concentra\u021bi pe o nuan\u021b\u0103 \u0219i apoi pe cealalt\u0103. Le alege\u021bi pe fiecare ca detalii distincte ale scenelor neconectate \u2013 o vedere foarte orientat\u0103 spre detalii.<\/p>\n<p>\u00a0<\/p>\n\n<p>Dac\u0103 vede\u021bi iluzia ca pe o coloan\u0103 care se \u00eenv\u00e2rte, atunci vede\u021bi o imagine mai mare \u0219i recunoa\u0219te\u021bi iluzia ca un singur sistem. O nuan\u021b\u0103 (cel mai probabil alb\u0103) este v\u0103zut\u0103 ca partea din fa\u021b\u0103 a unui punct care se mi\u0219c\u0103 pe fa\u021ba unei coloane \u00eenainte de a se r\u0103sturna la margine \u0219i s\u0103 apar\u0103 ca cealalt\u0103 nuan\u021b\u0103 (neagr\u0103) pe suprafa\u021ba interioar\u0103.<\/p>\n<p>Oamenii al c\u0103ror creier reflect\u0103 tr\u0103s\u0103turile mai asociate unor manifest\u0103ri autiste vor vedea de obicei mai u\u0219or ca dou\u0103 foi \u00een mi\u0219care. Este foarte important s\u0103 \u00een\u021belege\u021bi c\u0103 dac\u0103 ave\u021bi aceast\u0103 percep\u021bie nu \u00eenseamn\u0103 neap\u0103rat c\u0103 ave\u021bi autism, potrivit comunit\u0103\u021bii <a href=\"https:\/\/theheartysoul.com\/autism-optical-illusion-id-traits\/?thk0=qh6bgi\" target=\"_blank\">theheartysoul.com.<\/a><\/p>\n<p>\u00a0<\/p>\n<p>\u00a0<\/p>\n<p>\u00a0<\/p>\n<p>\u00a0<\/p>","protected":false},"excerpt":{"rendered":"<p>Testul bazat pe o iluzie optic\u0103 prezint\u0103 puncte albe \u0219i negre ce pot fi percepute&hellip;<\/p>\n","protected":false},"author":0,"featured_media":49121,"comment_status":"open","ping_status":"open","sticky":false,"template":"","format":"standard","meta":{"footnotes":""},"categories":[2],"tags":[],"class_list":["post-49120","post","type-post","status-publish","format-standard","has-post-thumbnail","hentry","category-actual"],"_links":{"self":[{"href":"https:\/\/247stiri.ro\/index.php\/wp-json\/wp\/v2\/posts\/49120","targetHints":{"allow":["GET"]}}],"collection":[{"href":"https:\/\/247stiri.ro\/index.php\/wp-json\/wp\/v2\/posts"}],"about":[{"href":"https:\/\/247stiri.ro\/index.php\/wp-json\/wp\/v2\/types\/post"}],"replies":[{"embeddable":true,"href":"https:\/\/247stiri.ro\/index.php\/wp-json\/wp\/v2\/comments?post=49120"}],"version-history":[{"count":0,"href":"https:\/\/247stiri.ro\/index.php\/wp-json\/wp\/v2\/posts\/49120\/revisions"}],"wp:featuredmedia":[{"embeddable":true,"href":"https:\/\/247stiri.ro\/index.php\/wp-json\/wp\/v2\/media\/49121"}],"wp:attachment":[{"href":"https:\/\/247stiri.ro\/index.php\/wp-json\/wp\/v2\/media?parent=49120"}],"wp:term":[{"taxonomy":"category","embeddable":true,"href":"https:\/\/247stiri.ro\/index.php\/wp-json\/wp\/v2\/categories?post=49120"},{"taxonomy":"post_tag","embeddable":true,"href":"https:\/\/247stiri.ro\/index.php\/wp-json\/wp\/v2\/tags?post=49120"}],"curies":[{"name":"wp","href":"https:\/\/api.w.org\/{rel}","templated":true}]}}