{"id":49126,"date":"2025-04-22T15:44:50","date_gmt":"2025-04-22T15:44:50","guid":{"rendered":"https:\/\/247stiri.ro\/index.php\/2025\/04\/22\/ce-au-gasit-politistii-in-telefonul-lui-rares-ion-tanarul-mort-de-supradoza-detalii-socante-din-ancheta\/"},"modified":"2025-04-22T15:44:50","modified_gmt":"2025-04-22T15:44:50","slug":"ce-au-gasit-politistii-in-telefonul-lui-rares-ion-tanarul-mort-de-supradoza-detalii-socante-din-ancheta","status":"publish","type":"post","link":"https:\/\/247stiri.ro\/index.php\/2025\/04\/22\/ce-au-gasit-politistii-in-telefonul-lui-rares-ion-tanarul-mort-de-supradoza-detalii-socante-din-ancheta\/","title":{"rendered":"Ce au g\u0103sit poli\u021bi\u0219tii \u00een telefonul lui Rare\u0219 Ion, t\u00e2n\u0103rul mort de supradoz\u0103: detalii \u0219ocante din anchet\u0103"},"content":{"rendered":"<p>Detalii \u0219ocante ies la iveal\u0103 \u00een cazul mor\u021bii t\u00e2n\u0103rului de 20 de ani <a href=\"https:\/\/www.realitatea.net\/stiri\/actual\/tanarul-prieten-cu-vlad-pascu-mort-de-supradoza-a-fost-lasat-de-amicii-drogati-sa-agonizeze-in-mijlocul-strazii-lam-auzit-pe-fratele-meu-cum-face-urat-pe-fundal_67ffab936e2e897b433a8303#google_vignette\" target=\"_blank\">Rare\u0219 Ion<\/a>. Mai exact, \u00een telefonul acestuia anchetatorii au descoperit imagini \u00een care se pare c\u0103 chiar dealerul de droguri \u00eei prepara acestuia substan\u021be interzise.<\/p>\n<p>De asemenea, sursele Realitatea PLUS spun c\u0103 \u00een buzunarul lui Tudor Duma, zis \u0219i &#8222;Maru&#8221; &#8211; dealerul de droguri, anchetatorii au g\u0103sit buletinul lui Rare\u0219 Ion care era \u00eenf\u0103\u0219urat \u00een bani.\u00a0<\/p>\n<p>\u00cen aceste zile, vor ajunge \u00een fa\u021ba procurorilor \u0219i al\u021bi martori pentru a spune tot ceea ce \u0219tiu \u00een cazul mor\u021bii lui Rare\u0219 Ion, t\u00e2n\u0103rul de 20 de ani.\u00a0<\/p>\n<p>Tudor Duma a fost <a href=\"https:\/\/www.realitatea.net\/stiri\/actual\/tudor-duma-maru-a-ajuns-la-tribunal-dupa-ce-sia-lasat-prietenul-sa-agonizeze-judecatorii-decid-daca-va-fi-sau-nu-arestat_6800ed1dba438933de3693dc\" target=\"_blank\">arestat<\/a> preventiv pentru 30 de zile, fiind suspect \u00een acest dosar. &#8222;Maru&#8221; a mai fost anchetat \u0219i \u00een anii trecu\u021bi tot pentru probleme legate de droguri.\u00a0\u00a0<\/p>","protected":false},"excerpt":{"rendered":"<p>Detalii \u0219ocante ies la iveal\u0103 \u00een cazul mor\u021bii t\u00e2n\u0103rului de 20 de ani Rare\u0219 Ion.&hellip;<\/p>\n","protected":false},"author":0,"featured_media":49127,"comment_status":"open","ping_status":"open","sticky":false,"template":"","format":"standard","meta":{"footnotes":""},"categories":[2],"tags":[],"class_list":["post-49126","post","type-post","status-publish","format-standard","has-post-thumbnail","hentry","category-actual"],"_links":{"self":[{"href":"https:\/\/247stiri.ro\/index.php\/wp-json\/wp\/v2\/posts\/49126","targetHints":{"allow":["GET"]}}],"collection":[{"href":"https:\/\/247stiri.ro\/index.php\/wp-json\/wp\/v2\/posts"}],"about":[{"href":"https:\/\/247stiri.ro\/index.php\/wp-json\/wp\/v2\/types\/post"}],"replies":[{"embeddable":true,"href":"https:\/\/247stiri.ro\/index.php\/wp-json\/wp\/v2\/comments?post=49126"}],"version-history":[{"count":0,"href":"https:\/\/247stiri.ro\/index.php\/wp-json\/wp\/v2\/posts\/49126\/revisions"}],"wp:featuredmedia":[{"embeddable":true,"href":"https:\/\/247stiri.ro\/index.php\/wp-json\/wp\/v2\/media\/49127"}],"wp:attachment":[{"href":"https:\/\/247stiri.ro\/index.php\/wp-json\/wp\/v2\/media?parent=49126"}],"wp:term":[{"taxonomy":"category","embeddable":true,"href":"https:\/\/247stiri.ro\/index.php\/wp-json\/wp\/v2\/categories?post=49126"},{"taxonomy":"post_tag","embeddable":true,"href":"https:\/\/247stiri.ro\/index.php\/wp-json\/wp\/v2\/tags?post=49126"}],"curies":[{"name":"wp","href":"https:\/\/api.w.org\/{rel}","templated":true}]}}