{"id":49132,"date":"2025-04-22T16:44:50","date_gmt":"2025-04-22T16:44:50","guid":{"rendered":"https:\/\/247stiri.ro\/index.php\/2025\/04\/22\/george-simion-reactie-dura-dupa-anuntul-ca-procurorii-l-au-chemat-joi-pe-calin-georgescu-la-parchet-prigoana-continua-jos-statul-totalitar\/"},"modified":"2025-04-22T16:44:50","modified_gmt":"2025-04-22T16:44:50","slug":"george-simion-reactie-dura-dupa-anuntul-ca-procurorii-l-au-chemat-joi-pe-calin-georgescu-la-parchet-prigoana-continua-jos-statul-totalitar","status":"publish","type":"post","link":"https:\/\/247stiri.ro\/index.php\/2025\/04\/22\/george-simion-reactie-dura-dupa-anuntul-ca-procurorii-l-au-chemat-joi-pe-calin-georgescu-la-parchet-prigoana-continua-jos-statul-totalitar\/","title":{"rendered":"George Simion, reac\u021bie dur\u0103 dup\u0103 anun\u021bul c\u0103 procurorii l-au chemat joi pe C\u0103lin Georgescu la parchet: Prigoana continu\u0103. Jos statul totalitar!"},"content":{"rendered":"<p>&#8222;\u00cen plin\u0103 campanie electoral\u0103, prigoana \u00eempotriva lui C\u0103lin Georgescu continu\u0103: joi este chemat la Parchet!\u00a0 Jos cenzura \u0219i statul totalitar!&#8221; a scris George Simion, candidatul AUR la alegerile preziden\u021biale, \u00eentr-o postare pe Facebook.<\/p>\n<p>Reac\u021bia vine la scurt timp dup\u0103 ce Realitatea Plus a anun\u021bat, pe surse, c\u0103 fostul candidat suveranist C\u0103lin Georgescu a fost citat la Parchet joi,\u00a0 pentru prelungirea controlului judiciar, joi, 24 aprilie, cu dou\u0103 zile \u00eenainte ca m\u0103sura preventiv\u0103 sub care se afl\u0103 acum s\u0103 expire.<\/p>\n\n<p>\u00a0<\/p>","protected":false},"excerpt":{"rendered":"<p>&#8222;\u00cen plin\u0103 campanie electoral\u0103, prigoana \u00eempotriva lui C\u0103lin Georgescu continu\u0103: joi este chemat la Parchet!\u00a0&hellip;<\/p>\n","protected":false},"author":0,"featured_media":49133,"comment_status":"open","ping_status":"open","sticky":false,"template":"","format":"standard","meta":{"footnotes":""},"categories":[3],"tags":[],"class_list":["post-49132","post","type-post","status-publish","format-standard","has-post-thumbnail","hentry","category-politica"],"_links":{"self":[{"href":"https:\/\/247stiri.ro\/index.php\/wp-json\/wp\/v2\/posts\/49132","targetHints":{"allow":["GET"]}}],"collection":[{"href":"https:\/\/247stiri.ro\/index.php\/wp-json\/wp\/v2\/posts"}],"about":[{"href":"https:\/\/247stiri.ro\/index.php\/wp-json\/wp\/v2\/types\/post"}],"replies":[{"embeddable":true,"href":"https:\/\/247stiri.ro\/index.php\/wp-json\/wp\/v2\/comments?post=49132"}],"version-history":[{"count":0,"href":"https:\/\/247stiri.ro\/index.php\/wp-json\/wp\/v2\/posts\/49132\/revisions"}],"wp:featuredmedia":[{"embeddable":true,"href":"https:\/\/247stiri.ro\/index.php\/wp-json\/wp\/v2\/media\/49133"}],"wp:attachment":[{"href":"https:\/\/247stiri.ro\/index.php\/wp-json\/wp\/v2\/media?parent=49132"}],"wp:term":[{"taxonomy":"category","embeddable":true,"href":"https:\/\/247stiri.ro\/index.php\/wp-json\/wp\/v2\/categories?post=49132"},{"taxonomy":"post_tag","embeddable":true,"href":"https:\/\/247stiri.ro\/index.php\/wp-json\/wp\/v2\/tags?post=49132"}],"curies":[{"name":"wp","href":"https:\/\/api.w.org\/{rel}","templated":true}]}}