{"id":49134,"date":"2025-04-22T16:44:51","date_gmt":"2025-04-22T16:44:51","guid":{"rendered":"https:\/\/247stiri.ro\/index.php\/2025\/04\/22\/video-soc-in-politica-un-fost-consilier-usr-s-a-sinucis-dupa-ce-si-a-anuntat-intentia-pe-facebook-traim-intr-o-societate-dezgustatoare\/"},"modified":"2025-04-22T16:44:51","modified_gmt":"2025-04-22T16:44:51","slug":"video-soc-in-politica-un-fost-consilier-usr-s-a-sinucis-dupa-ce-si-a-anuntat-intentia-pe-facebook-traim-intr-o-societate-dezgustatoare","status":"publish","type":"post","link":"https:\/\/247stiri.ro\/index.php\/2025\/04\/22\/video-soc-in-politica-un-fost-consilier-usr-s-a-sinucis-dupa-ce-si-a-anuntat-intentia-pe-facebook-traim-intr-o-societate-dezgustatoare\/","title":{"rendered":"VIDEO. \u0218oc \u00een politic\u0103. Un fost consilier USR s-a sinucis, dup\u0103 ce \u0219i-a anun\u021bat inten\u021bia pe Facebook. \u201dTr\u0103im \u00eentr-o societate dezgust\u0103toare\u201d"},"content":{"rendered":"<p>Ultimele cuvinte ale lui Porneal\u0103, scrise \u00een deschiderea videoclipului de adio de pe pagina sa, au fost de o dureroas\u0103 sinceritate: \u201eAcesta este mesajul meu de adio tuturor. Vreau s\u0103 fiu donator de organe. V\u0103 rog s\u0103 nu veni\u021bi la \u00eenmorm\u00e2ntarea mea, s\u0103 nu face\u021bi probleme inutile. Este posibil s\u0103 explodeze apartamentul mamei mele din cauza unei defec\u021biuni la gaz. Insist!\u201d \u2013 a scris acesta, demonstr\u00e2nd c\u00e2t de dificil\u0103 fusese lupta sa interioar\u0103.<\/p>\n<p>\u00cen videoclipul postat \u00eenainte de tragedie, Porneal\u0103 a discutat despre starea societ\u0103\u021bii din Rom\u00e2nia \u0219i \u0219i-a \u00eemp\u0103rt\u0103\u0219it g\u00e2ndurile care l-au dus spre aceast\u0103 decizie tragic\u0103:<\/p>\n<p>\u201eOameni dragi, tr\u0103im \u00eentr-o societate dezgust\u0103toare, condus\u0103 de ni\u0219te oameni care nu sunt oameni, sunt ne-oameni, ni\u0219te animale. Institu\u021biile care ar trebui s\u0103 lucreze \u00een folosul cet\u0103\u021beanului \u00eel exploateaz\u0103, serviciile care ar trebui s\u0103 aib\u0103 grij\u0103 de cet\u0103\u021bean \u00eel exploateaz\u0103 la fel, deci SRI \u0219i SIE au devenit ni\u0219te institu\u021bii de crim\u0103 organizat\u0103, de trafic de persoane, de trafic de droguri, orice numai institu\u021bie \u00een care s\u0103 ai \u00eencredere. Serviciile au o putere mult, mult prea mare, practic ele conduc acum lumea interlop\u0103, vor s\u0103 conduc\u0103 propriu zis Rom\u00e2nia\u201d, a spus fostul politician USR \u00een deschiderea videoclipului.<\/p>\n<p><a title=\"USR ignora decizia judecatorilor CAB si isi saboteaza propriul candidat la prezidentiale! Ce i se pregateste lui Lasconi\" href=\"https:\/\/www.realitatea.net\/stiri\/politica\/usr-ignora-decizia-judecatorilor-cab-si-isi-saboteaza-propriul-candidat-la-prezidentiale-ce-i-se-pregateste-lui-lasconi_68026fbb1b0f0423526ea8f2\">USR ignor\u0103 decizia judec\u0103torilor CAB \u0219i \u00ee\u0219i saboteaz\u0103 propriul candidat la preziden\u021biale! Ce i se preg\u0103te\u0219te lui Lasconi<\/a><\/p>\n<p>\u201eNu o s\u0103 am din p\u0103cate pop\u0103 la biseric\u0103, la morm\u00e2nt, vor s\u0103 m\u0103 ia \u0219i s\u0103 m\u0103 bage \u00een c\u0103ma\u0219\u0103 cu for\u021ba, s\u0103 zic\u0103 c\u0103 sunt nebun, dar eu \u0219tiu ce am v\u0103zut. Mie mi-a ajuns, nu vreau s\u0103 tr\u0103iesc \u00eentr-o lume at\u00e2t de meschin\u0103\u201d, a mai spus fostul politician.<\/p>\n\n<p>Cu o zi \u00eenainte, Porneal\u0103 \u00ee\u0219i schimbase fotografia de copert\u0103 cu una cu blocuri moderne, dar dintr-o perspectiv\u0103 a unui om c\u0103zut la p\u0103m\u00e2nt, anticip\u00e2nd parc\u0103 ceea ce avea s\u0103 se produc\u0103 a doua zi.\u00a0<\/p>\n<p>Cristian Porneal\u0103 avea 38 de ani, era tat\u0103l a doi copii \u015fi era divor\u021bat.<\/p>\n<p>El a fost consilier local la Tulcea \u00een mandatul 2020-2024.<\/p>\n<p><a title=\"Lasconi ar urma sa fie exclusa din functia de conducere. Scandalul se explodeaza in USR, se cere un singur candidat\" href=\"https:\/\/www.realitatea.net\/stiri\/actual\/lasconi-ar-urma-sa-fie-exclusa-din-functia-de-conducere-scandalul-se-explodeaza-in-usr-se-cere-un-singur-candidat_6804a69f99c0713031799932\">Lasconi ar urma s\u0103 fie exclus\u0103 din func\u021bia de conducere. Scandalul se explodeaz\u0103 \u00een USR, se cere un singur candidat<\/a><\/p>","protected":false},"excerpt":{"rendered":"<p>Ultimele cuvinte ale lui Porneal\u0103, scrise \u00een deschiderea videoclipului de adio de pe pagina sa,&hellip;<\/p>\n","protected":false},"author":0,"featured_media":49135,"comment_status":"open","ping_status":"open","sticky":false,"template":"","format":"standard","meta":{"footnotes":""},"categories":[2],"tags":[],"class_list":["post-49134","post","type-post","status-publish","format-standard","has-post-thumbnail","hentry","category-actual"],"_links":{"self":[{"href":"https:\/\/247stiri.ro\/index.php\/wp-json\/wp\/v2\/posts\/49134","targetHints":{"allow":["GET"]}}],"collection":[{"href":"https:\/\/247stiri.ro\/index.php\/wp-json\/wp\/v2\/posts"}],"about":[{"href":"https:\/\/247stiri.ro\/index.php\/wp-json\/wp\/v2\/types\/post"}],"replies":[{"embeddable":true,"href":"https:\/\/247stiri.ro\/index.php\/wp-json\/wp\/v2\/comments?post=49134"}],"version-history":[{"count":0,"href":"https:\/\/247stiri.ro\/index.php\/wp-json\/wp\/v2\/posts\/49134\/revisions"}],"wp:featuredmedia":[{"embeddable":true,"href":"https:\/\/247stiri.ro\/index.php\/wp-json\/wp\/v2\/media\/49135"}],"wp:attachment":[{"href":"https:\/\/247stiri.ro\/index.php\/wp-json\/wp\/v2\/media?parent=49134"}],"wp:term":[{"taxonomy":"category","embeddable":true,"href":"https:\/\/247stiri.ro\/index.php\/wp-json\/wp\/v2\/categories?post=49134"},{"taxonomy":"post_tag","embeddable":true,"href":"https:\/\/247stiri.ro\/index.php\/wp-json\/wp\/v2\/tags?post=49134"}],"curies":[{"name":"wp","href":"https:\/\/api.w.org\/{rel}","templated":true}]}}