{"id":49389,"date":"2025-12-03T18:45:05","date_gmt":"2025-12-03T18:45:05","guid":{"rendered":"https:\/\/247stiri.ro\/index.php\/2025\/12\/03\/incendiu-la-mall-promenada-din-bucuresti-oamenii-au-iesit-din-centrul-comercial-pompierii-intervin-de-urgenta\/"},"modified":"2025-12-03T18:45:05","modified_gmt":"2025-12-03T18:45:05","slug":"incendiu-la-mall-promenada-din-bucuresti-oamenii-au-iesit-din-centrul-comercial-pompierii-intervin-de-urgenta","status":"publish","type":"post","link":"https:\/\/247stiri.ro\/index.php\/2025\/12\/03\/incendiu-la-mall-promenada-din-bucuresti-oamenii-au-iesit-din-centrul-comercial-pompierii-intervin-de-urgenta\/","title":{"rendered":"Incendiu la Mall Promenada din Bucure\u0219ti. Oamenii au ie\u0219it din centrul comercial, pompierii intervin de urgen\u021b\u0103"},"content":{"rendered":"<p>Potrivit informa\u021biilor transmise de Inspectoratul pentru Situa\u021bii de Urgen\u021b\u0103, incendiul nu s-a manifestat cu flac\u0103r\u0103, ci prin degaj\u0103ri de fum provenite de la un transformator aflat \u00eentr-o camer\u0103 tehnic\u0103 la subsolul mall-ului. Pompierii din cadrul Serviciului Privat pentru Situa\u021bii de Urgen\u021b\u0103 au ac\u021bionat imediat pentru evacuarea persoanelor \u0219i pentru m\u0103surile de prim\u0103 interven\u021bie.<\/p>\n\n<p>For\u021be mobilizate la fa\u021ba locului<\/p>\n<p>Incendiul a fost localizat, iar pentru gestionarea situa\u021biei au fost mobilizate opt autospeciale de stingere cu ap\u0103 \u0219i spum\u0103, o autospecial\u0103 de interven\u021bie \u0219i salvare de la \u00een\u0103l\u021bime, o autospecial\u0103 de descarcerare, Deta\u0219amentul Special de Salvatori \u0219i un echipaj SMURD. Echipajele ac\u021bioneaz\u0103 pentru verificarea complet\u0103 a zonei \u0219i pentru eliminarea oric\u0103rui risc de reaprindere.<\/p>\n\n<p>Evacuarea vizitatorilor<\/p>\n<p>Toate persoanele aflate \u00een mall au fost scoase \u00een siguran\u021b\u0103, iar zona a fost securizat\u0103 pentru a permite interven\u021bia echipajelor. \u00cen fa\u021ba centrului comercial s-au adunat sute de oameni, \u00een timp ce autospecialele de pompieri au continuat opera\u021biunile de stingere \u0219i verificare.<\/p>\n<p><a title=\"Incendiu la o casuta de lemn dintr-un targ de Craciun din Bucuresti. Totul se putea transforma in cenusa in timp record - VIDEO\" href=\"https:\/\/www.realitatea.net\/stiri\/actual\/video-incendiu-la-o-casuta-de-lemn-dintrun-targ-de-craciun-din-bucuresti-totul-se-putea-transforma-in-cenusa-in-timp-record-interventie-contracronometru_6930466c17d0fd2fb42eb10f\">Incendiu la o c\u0103su\u021b\u0103 de lemn dintr-un t\u00e2rg de Cr\u0103ciun din Bucure\u0219ti. Totul se putea transforma \u00een cenu\u0219\u0103 \u00een timp record &#8211; VIDEO<\/a><\/p>","protected":false},"excerpt":{"rendered":"<p>Potrivit informa\u021biilor transmise de Inspectoratul pentru Situa\u021bii de Urgen\u021b\u0103, incendiul nu s-a manifestat cu flac\u0103r\u0103,&hellip;<\/p>\n","protected":false},"author":0,"featured_media":49390,"comment_status":"open","ping_status":"open","sticky":false,"template":"","format":"standard","meta":{"footnotes":""},"categories":[2],"tags":[],"class_list":["post-49389","post","type-post","status-publish","format-standard","has-post-thumbnail","hentry","category-actual"],"_links":{"self":[{"href":"https:\/\/247stiri.ro\/index.php\/wp-json\/wp\/v2\/posts\/49389","targetHints":{"allow":["GET"]}}],"collection":[{"href":"https:\/\/247stiri.ro\/index.php\/wp-json\/wp\/v2\/posts"}],"about":[{"href":"https:\/\/247stiri.ro\/index.php\/wp-json\/wp\/v2\/types\/post"}],"replies":[{"embeddable":true,"href":"https:\/\/247stiri.ro\/index.php\/wp-json\/wp\/v2\/comments?post=49389"}],"version-history":[{"count":0,"href":"https:\/\/247stiri.ro\/index.php\/wp-json\/wp\/v2\/posts\/49389\/revisions"}],"wp:featuredmedia":[{"embeddable":true,"href":"https:\/\/247stiri.ro\/index.php\/wp-json\/wp\/v2\/media\/49390"}],"wp:attachment":[{"href":"https:\/\/247stiri.ro\/index.php\/wp-json\/wp\/v2\/media?parent=49389"}],"wp:term":[{"taxonomy":"category","embeddable":true,"href":"https:\/\/247stiri.ro\/index.php\/wp-json\/wp\/v2\/categories?post=49389"},{"taxonomy":"post_tag","embeddable":true,"href":"https:\/\/247stiri.ro\/index.php\/wp-json\/wp\/v2\/tags?post=49389"}],"curies":[{"name":"wp","href":"https:\/\/api.w.org\/{rel}","templated":true}]}}