{"id":49391,"date":"2025-12-03T18:45:05","date_gmt":"2025-12-03T18:45:05","guid":{"rendered":"https:\/\/247stiri.ro\/index.php\/2025\/12\/03\/anca-alexandrescu-fata-in-fata-cu-marius-tuca-intrarea-in-cursa-electroala-este-marea-incercare-a-vietii-mele-live-text\/"},"modified":"2025-12-03T18:45:05","modified_gmt":"2025-12-03T18:45:05","slug":"anca-alexandrescu-fata-in-fata-cu-marius-tuca-intrarea-in-cursa-electroala-este-marea-incercare-a-vietii-mele-live-text","status":"publish","type":"post","link":"https:\/\/247stiri.ro\/index.php\/2025\/12\/03\/anca-alexandrescu-fata-in-fata-cu-marius-tuca-intrarea-in-cursa-electroala-este-marea-incercare-a-vietii-mele-live-text\/","title":{"rendered":"Anca Alexandrescu, fa\u021b\u0103 \u00een fa\u021b\u0103 cu Marius Tuc\u0103. Intrarea \u00een cursa electroal\u0103 este marea \u00eencercare a vie\u021bii mele \u2013 LIVE TEXT"},"content":{"rendered":"<p>Principalele declara\u021bii:\u00a0<\/p>\n<p>Am declarat cheltuieli zero, pentru c\u0103 am promis c\u0103 voi face campania f\u0103r\u0103 bani, \u00een mijlocul oamenilor.<\/p>\n<p>Este marea \u00eencercare a vie\u021bii mele; tot ceea ce am tr\u0103it al\u0103turi de oameni \u00een aceast\u0103 perioad\u0103 m\u0103 responsabilizeaz\u0103 \u0219i mai tare.<\/p>\n<p>M. Tuc\u0103: Ce crezi c\u0103 ai fi putut face mai bine sau nu trebuia s\u0103 faci \u00een campanie?<\/p>\n<p>Poate c\u0103 nu ar fi trebuit s\u0103 intru \u00een anumite dispute, c\u00e2nd am fost provocat\u0103, cum a fost la Pia\u021ba Rahova, cu domnii de la USR \u0219i, cu siguran\u021b\u0103, cred c\u0103 a\u0219 fi putut face \u0219i mai mult.<\/p>\n<p>Copiii au fost afecta\u021bi de decizia mea, dar le-am explicat de ce \u00eemi doresc acest lucru. Sigur c\u0103 sufer\u0103, pentru c\u0103 le-am impus o serie de restric\u021bii, nu pentru c\u0103 f\u0103ceau ceva gre\u0219it, ci pentru c\u0103 erau mai expu\u0219i. \u0218tii ce pericole pot ap\u0103rea \u00eentr-o campanie electoral\u0103.<\/p>\n<p>Mama s-a \u00eengrijorat, dar m\u0103 sus\u021bine \u00een totalitate. Din p\u0103cate, se afl\u0103 printre cei 100 de mii de rom\u00e2ni care nu au ap\u0103 \u00een aceast\u0103 perioad\u0103. So\u021bul meu m\u0103 sus\u021bine 100%, socrii mei la fel, deci toat\u0103 familia m\u0103 sus\u021bine \u0219i \u00eemi doresc nu neap\u0103rat pentru ei s\u0103 c\u00e2\u0219tig, ci pentru oameni.<\/p>\n<p>Dup\u0103 to\u021bi ace\u0219ti ani \u2013 cu pandemie, r\u0103zboi, anuale alegeri \u2013 oamenii sunt at\u00e2t de dezbina\u021bi \u0219i pur \u0219i simplu se ur\u0103sc. A venit timpul s\u0103 aib\u0103 tot mai mul\u021bi reprezentan\u021bi care s\u0103-i uneasc\u0103, s\u0103-i pun\u0103 la aceea\u0219i mas\u0103.<\/p>\n<p>Din ce am v\u0103zut \u0219i din discu\u021biile cu oamenii, mul\u021bi dintre cei care m\u0103 voteaz\u0103 acum au votat, de-a lungul timpului, cu toate partidele. Deci am votan\u021bi din toate zonele politice. Poate fi un vot anti, un vot pentru altceva \u0219i, \u00eentr-adev\u0103r, un vot de desc\u0103rcare. Este o mul\u021bime t\u0103cut\u0103: oamenii s-au s\u0103turat de toate partidele \u0219i vor cu totul altceva. Este efectiv un amestec: sunt oameni care \u00een\u021beleg c\u0103 o schimbare la Prim\u0103rie poate determina o schimbare \u00een \u00eentreaga \u021bar\u0103. Dac\u0103 eu voi c\u00e2\u0219tiga Bucure\u0219tiul, \u00een dou\u0103 zile se rupe coali\u021bia \u0219i va c\u0103dea \u0219i Bolojan.<\/p>\n<p>Am o rela\u021bie perfect\u0103 cu familia Georgescu. Eu nu am nevoie de nicio &#8222;proptea&#8221;<\/p>\n<p>Crezi c\u0103 \u00eentre mine \u0219i familia Georgescu poate exista un conflict, c\u00e2nd \u00een gr\u0103dina mea se afl\u0103 o minunat\u0103 magnolie d\u0103ruit\u0103 de familia Georgescu \u0219i schimb\u0103m re\u021bete \u00een fiecare zi?! Vreau s\u0103 spun foarte clar: eu nu am nevoie de nicio proptea. To\u021bi ceilal\u021bi candida\u021bi au pe cineva: dl. Drul\u0103 \u00eencalc\u0103 zi de zi toate legile, inclusiv Constitu\u021bia, f\u0103c\u00e2nd campanie cu pre\u0219edintele Nicu\u0219or Dan. Dl. Ciucu este sus\u021binut de Bolojan, de Orban \u0219i de Vlad Gheorghe. Dl. B\u0103lu\u021b\u0103 are tot felul de proptele; pe dl. Ciolacu, chiar \u0219i Nicu\u0219or Dan \u00eel place pe B\u0103lu\u021b\u0103, domnii Teodorovici \u0219i Ponta \u00eel sus\u021bin to\u021bi pe B\u0103lu\u021b\u0103.<\/p>\n<p>Am o rela\u021bie la fel de bun\u0103 cu familia Georgescu. Foarte multi dintre votan\u021bii lui C\u0103lin Georgescu au \u00een\u021beles ce a spus el \u0219i m\u0103 voteaz\u0103.\u00a0<\/p>\n<p>Bucure\u0219tiul arat\u0103 fix ca locuin\u021ba lui Nicu\u0219or Dan &#8211; haos \u0219i mizerie<\/p>\n<p>Ora\u0219ul arat\u0103 exact cum arat\u0103 casa lui Nicu\u0219or Dan \u00een interviul pe care l-a f\u0103cut la RTV. Fix a\u0219a arat\u0103: haos, mizerie. Dar nu este vina doar a primarului general, ci \u0219i a primarilor de sector, doi dintre ei vor s\u0103 ajung\u0103 primari. B\u0103lu\u021b\u0103 zicea c\u0103 nu credea c\u0103 Bucure\u0219tiul este at\u00e2t de s\u0103rac. P\u0103i, partidul t\u0103u este la guvernare, e\u0219ti vicepre\u0219edinte la partidul t\u0103u pe administra\u021bie local\u0103. Eu \u00een\u021beleg c\u0103 nu \u0219tia, pentru c\u0103 nici m\u0103car la \u0219edin\u021bele de consiliu nu vine.<\/p>\n<p>Bucure\u0219tiul arat\u0103 r\u0103u, groaznic, nu are nicio leg\u0103tur\u0103 cu o capital\u0103 european\u0103. Ne mai salveaz\u0103 priva\u021bii. \u00cen primul r\u00e2nd pentru c\u0103 am v\u0103zut c\u0103 foarte mul\u021bi oameni care au reu\u0219it \u0219i au cump\u0103rat multe cl\u0103diri de patrimoniu le-au redat circuitului \u0219i le-au restaurat. Ajut\u0103 mult la \u00eenfrumuse\u021barea ora\u0219ului. M\u0103 bucur extrem de mult \u0219i voi fi o partener\u0103 a acestor investitori care \u00ee\u0219i decoreaz\u0103 cl\u0103dirile ca Bucure\u0219tiul s\u0103 arate bine.<\/p>\n<p>Pasajul Basarab, care a fost \u00eenceput de B\u0103sescu \u0219i terminat de Oprescu, nu a fost recep\u021bionat nici p\u00e2n\u0103 ast\u0103zi. Au trecut 13-14 ani de atunci. \u00cen anul 2023 a expirat garan\u021bia, motiv pentru care Prim\u0103ria Capitalei va fi nevoit\u0103 s\u0103 pl\u0103teasc\u0103, acum c\u00e2nd se va face recep\u021bia, lucr\u0103ri de reabilitare de 130 de milioane de lei.<\/p>\n<p>Ceea ce pot s\u0103 spun este c\u0103, \u00een primul r\u00e2nd, voi face un audit rapid la tot ceea ce exist\u0103 \u00een Bucure\u0219ti, apoi voi debloca rapid absolut tot ce a blocat Prim\u0103ria Capitalei la prim\u0103riile de sector, pentru c\u0103 sunt foarte multe lucruri blocate. Ast\u0103zi am fost la Amfiteatrul Tineretului, este l\u00e2ng\u0103 Stadionul Tineretului, \u00een apropiere e Parcul Tineretului, r\u0103mas \u00een paragin\u0103. El apar\u021bine Prim\u0103riei Capitalei, am \u00een\u021beles c\u0103 sunt ni\u0219te cereri de retrocedare acolo, dar Prim\u0103ria Sectorului 4 l-a cerut pentru reamenajare \u0219i nu a fost dat de Prim\u0103ria Capitalei. Sunt nenum\u0103rate cazuri, inclusiv str\u0103zi neasfaltate, blocate din cauza c\u0103 Nicu\u0219or Dan a blocat aceste lucr\u0103ri din cauza luptei politice, din dorin\u021ba de a fi unul mai \u0219mecher dec\u00e2t altul. Eu nu am niciun fel de dorin\u021be, nici nu vreau s\u0103 candidez la pre\u0219edin\u021bie, eu vreau doar s\u0103 fac treab\u0103.<\/p>\n<p>Ast\u0103zi mi-au spus cet\u0103\u021benii din Sectorul 4 c\u0103 de ce nu se d\u0103 o lege ca cei care au c\u00e2\u0219tigat un mandat s\u0103 nu poat\u0103 s\u0103 plece din mandat s\u0103 candideze pentru o alt\u0103 func\u021bie. B\u0103sescu a f\u0103cut asta, Nicu\u0219or Dan, primarii de sector vor s\u0103 fac\u0103 acela\u0219i lucru. Organiz\u0103m alte alegeri, al\u021bi bani. Am fost \u0219i \u00een Sectorul 4 \u0219i \u00een Sectorul 6, ambii primari de sector au foarte multe lucruri de rezolvat. S\u0103 r\u0103m\u00e2n\u0103 acolo s\u0103 le termine, eu am s\u0103 \u00eei ajut s\u0103 le termine.<\/p>","protected":false},"excerpt":{"rendered":"<p>Principalele declara\u021bii:\u00a0 Am declarat cheltuieli zero, pentru c\u0103 am promis c\u0103 voi face campania f\u0103r\u0103&hellip;<\/p>\n","protected":false},"author":0,"featured_media":49377,"comment_status":"open","ping_status":"open","sticky":false,"template":"","format":"standard","meta":{"footnotes":""},"categories":[2],"tags":[],"class_list":["post-49391","post","type-post","status-publish","format-standard","has-post-thumbnail","hentry","category-actual"],"_links":{"self":[{"href":"https:\/\/247stiri.ro\/index.php\/wp-json\/wp\/v2\/posts\/49391","targetHints":{"allow":["GET"]}}],"collection":[{"href":"https:\/\/247stiri.ro\/index.php\/wp-json\/wp\/v2\/posts"}],"about":[{"href":"https:\/\/247stiri.ro\/index.php\/wp-json\/wp\/v2\/types\/post"}],"replies":[{"embeddable":true,"href":"https:\/\/247stiri.ro\/index.php\/wp-json\/wp\/v2\/comments?post=49391"}],"version-history":[{"count":0,"href":"https:\/\/247stiri.ro\/index.php\/wp-json\/wp\/v2\/posts\/49391\/revisions"}],"wp:featuredmedia":[{"embeddable":true,"href":"https:\/\/247stiri.ro\/index.php\/wp-json\/wp\/v2\/media\/49377"}],"wp:attachment":[{"href":"https:\/\/247stiri.ro\/index.php\/wp-json\/wp\/v2\/media?parent=49391"}],"wp:term":[{"taxonomy":"category","embeddable":true,"href":"https:\/\/247stiri.ro\/index.php\/wp-json\/wp\/v2\/categories?post=49391"},{"taxonomy":"post_tag","embeddable":true,"href":"https:\/\/247stiri.ro\/index.php\/wp-json\/wp\/v2\/tags?post=49391"}],"curies":[{"name":"wp","href":"https:\/\/api.w.org\/{rel}","templated":true}]}}