{"id":49392,"date":"2025-12-03T18:45:06","date_gmt":"2025-12-03T18:45:06","guid":{"rendered":"https:\/\/247stiri.ro\/index.php\/2025\/12\/03\/doliu-imens-in-lumea-politica-si-juridica-rodica-stanoiu-fosta-ministra-a-justitiei-a-murit-la-varsta-de-86-de-ani\/"},"modified":"2025-12-03T18:45:06","modified_gmt":"2025-12-03T18:45:06","slug":"doliu-imens-in-lumea-politica-si-juridica-rodica-stanoiu-fosta-ministra-a-justitiei-a-murit-la-varsta-de-86-de-ani","status":"publish","type":"post","link":"https:\/\/247stiri.ro\/index.php\/2025\/12\/03\/doliu-imens-in-lumea-politica-si-juridica-rodica-stanoiu-fosta-ministra-a-justitiei-a-murit-la-varsta-de-86-de-ani\/","title":{"rendered":"Doliu imens \u00een lumea politic\u0103 \u0219i juridic\u0103. Rodica St\u0103noiu, fost\u0103 ministr\u0103 a Justi\u021biei, a murit la v\u00e2rsta de 86 de ani"},"content":{"rendered":"<p>N\u0103scut\u0103 la 10 mai 1939 \u00een comuna Nucet, jude\u021bul D\u00e2mbovi\u021ba, Rodica St\u0103noiu a avut o carier\u0103 politic\u0103 de peste un deceniu. \u00centre 1996 \u0219i 2008 a fost senatoare, reprezent\u00e2nd PDSR \u0219i ulterior PSD, cu trei mandate consecutive. \u00cen perioada \u00een care a condus Ministerul Justi\u021biei, institu\u021bia a avut un rol major \u00een procesul de aderare a Rom\u00e2niei la Uniunea European\u0103, \u00een special pe capitolul \u201eJusti\u021bie \u0219i Afaceri Interne\u201d.<\/p>\n<p>Formare academic\u0103 \u0219i specializ\u0103ri interna\u021bionale<\/p>\n<p>Absolvent\u0103 a Facult\u0103\u021bii de Drept din cadrul Universit\u0103\u021bii din Bucure\u0219ti \u00een 1961, Rodica St\u0103noiu \u0219i-a continuat preg\u0103tirea prin studii postuniversitare la \u0218coala de Criminologie a Universit\u0103\u021bii din Montreal, \u00een 1969, \u0219i la Facultatea Interna\u021bional\u0103 de Drept Comparat din Strasbourg, \u00een 1982. \u00cen 1975 a ob\u021binut titlul de Doctor \u00een Drept la Institutul de Cercet\u0103ri Juridice \u201eAndrei R\u0103dulescu\u201d al Academiei Rom\u00e2ne. \u00cen 1994 a urmat un stagiu de cercetare la Centrul Federal de Justi\u021bie din Washington DC.<\/p>\n<p>Cariera universitar\u0103<\/p>\n<p>\u00centre 1995 \u0219i 2005, Rodica St\u0103noiu a fost profesor universitar la Universitatea Spiru Haret. Din 1996 \u0219i p\u00e2n\u0103 \u00een prezent, a predat la Universitatea Cre\u0219tin\u0103 \u201eDimitrie Cantemir\u201d, unde \u0219i-a continuat activitatea academic\u0103 \u00een paralel cu implicarea politic\u0103.<\/p>\n<p>\u00cen memoria Rodic\u0103i St\u0103noiu<\/p>\n<p>Rodica St\u0103noiu r\u0103m\u00e2ne cunoscut\u0103 at\u00e2t pentru activitatea sa universitar\u0103, c\u00e2t \u0219i pentru rolul pe care l-a avut \u00een perioada de tranzi\u021bie a Rom\u00e2niei c\u0103tre Uniunea European\u0103. <a href=\"https:\/\/www.luju.ro\/ne-a-parasit-rodica-stanoiu-profesoara-universitara-rodica-stanoiu-fosta-ministra-a-justitiei-in-perioada-2000-2004-s-a-stins-din-viata-stanoiu-avea-86-de-ani-dumnezeu-s-o-odihneasca\" target=\"_blank\">Colegii<\/a> din justi\u021bie transmit condoleante familiei indoliate.<\/p>\n<p><a href=\"https:\/\/www.realitatea.net\/stiri\/promo-tv\/rodica-stanoiu-exista-judecatori-i-procurori-care-nu-au-fost-niciodata-in-inchisori_5dcc91f2406af85273cfad54\" target=\"_blank\">Rodica St\u0103noiu: Exist\u0103 judec\u0103tori \u0219i procurori care nu au fost niciodat\u0103 \u00een \u00eenchisori<\/a><\/p>","protected":false},"excerpt":{"rendered":"<p>N\u0103scut\u0103 la 10 mai 1939 \u00een comuna Nucet, jude\u021bul D\u00e2mbovi\u021ba, Rodica St\u0103noiu a avut o&hellip;<\/p>\n","protected":false},"author":0,"featured_media":49393,"comment_status":"open","ping_status":"open","sticky":false,"template":"","format":"standard","meta":{"footnotes":""},"categories":[2],"tags":[],"class_list":["post-49392","post","type-post","status-publish","format-standard","has-post-thumbnail","hentry","category-actual"],"_links":{"self":[{"href":"https:\/\/247stiri.ro\/index.php\/wp-json\/wp\/v2\/posts\/49392","targetHints":{"allow":["GET"]}}],"collection":[{"href":"https:\/\/247stiri.ro\/index.php\/wp-json\/wp\/v2\/posts"}],"about":[{"href":"https:\/\/247stiri.ro\/index.php\/wp-json\/wp\/v2\/types\/post"}],"replies":[{"embeddable":true,"href":"https:\/\/247stiri.ro\/index.php\/wp-json\/wp\/v2\/comments?post=49392"}],"version-history":[{"count":0,"href":"https:\/\/247stiri.ro\/index.php\/wp-json\/wp\/v2\/posts\/49392\/revisions"}],"wp:featuredmedia":[{"embeddable":true,"href":"https:\/\/247stiri.ro\/index.php\/wp-json\/wp\/v2\/media\/49393"}],"wp:attachment":[{"href":"https:\/\/247stiri.ro\/index.php\/wp-json\/wp\/v2\/media?parent=49392"}],"wp:term":[{"taxonomy":"category","embeddable":true,"href":"https:\/\/247stiri.ro\/index.php\/wp-json\/wp\/v2\/categories?post=49392"},{"taxonomy":"post_tag","embeddable":true,"href":"https:\/\/247stiri.ro\/index.php\/wp-json\/wp\/v2\/tags?post=49392"}],"curies":[{"name":"wp","href":"https:\/\/api.w.org\/{rel}","templated":true}]}}