{"id":49394,"date":"2025-12-03T18:45:07","date_gmt":"2025-12-03T18:45:07","guid":{"rendered":"https:\/\/247stiri.ro\/index.php\/2025\/12\/03\/mircea-dinescu-crizele-din-tara-sunt-provocate-de-prostie-romanii-o-sa-iasa-in-strada-pe-modelul-bulgariei\/"},"modified":"2025-12-03T18:45:07","modified_gmt":"2025-12-03T18:45:07","slug":"mircea-dinescu-crizele-din-tara-sunt-provocate-de-prostie-romanii-o-sa-iasa-in-strada-pe-modelul-bulgariei","status":"publish","type":"post","link":"https:\/\/247stiri.ro\/index.php\/2025\/12\/03\/mircea-dinescu-crizele-din-tara-sunt-provocate-de-prostie-romanii-o-sa-iasa-in-strada-pe-modelul-bulgariei\/","title":{"rendered":"Mircea Dinescu: Crizele din \u021bar\u0103 sunt provocate de prostie. Rom\u00e2nii o s\u0103 ias\u0103 \u00een strad\u0103 pe modelul Bulgariei"},"content":{"rendered":"<p>\u201eEi se dau de dreapta \u0219i nu sunt de dreapta, unii se dau de st\u00e2nga \u0219i nu sunt de st\u00e2nga, aici e problema, \u00een loc s\u0103 fie ferici\u021bi c\u0103 le-a dat Dumnezeu pe m\u00e2n\u0103 o \u021bar\u0103 binecuv\u00e2ntat\u0103 cu clim\u0103 bun\u0103, cu p\u0103m\u00e2nt bun, ei reu\u0219esc s\u0103 provoace crizele care, dup\u0103 p\u0103rerea mea, sunt provocate de prostie, nu de altceva.<\/p>\n<p>Uneori prostia e mai periculoas\u0103 dec\u00e2t r\u0103utatea. Rom\u00e2nia, dup\u0103 Fran\u021ba, e a doua \u021bar\u0103 cu poten\u021bial agricol, cu p\u0103m\u00e2nt bun, \u0219i noi suntem la coada Europei ca produc\u0103tori de m\u00e2ncare, c\u00e2nd am putea s\u0103 fim pe locul 2 \u00een lume, dup\u0103 Fran\u021ba.<\/p>\n<p>P\u0103i, proprietatea \u021b\u0103ranului ar fi trebuit \u00eencurajat\u0103, \u021b\u0103ranul s\u0103 fie \u00eencurajat s\u0103 aib\u0103 nu o ser\u0103 \u0219i un solar \u00een curte, ci 10, \u0219i s\u0103 le dea bani ei s\u0103 fac\u0103, pentru c\u0103 ar fi sc\u0103zut pre\u021bul legumelor \u0219i ar fi dus-o \u0219i ei mai bine, n-ar mai fi ie\u0219it lumea \u00een strad\u0103, cum probabil o s\u0103 ias\u0103 dup\u0103 metoda bulg\u0103reasc\u0103.\u201d, a declarat Mircea Dinescu la Realitatea PLUS.<\/p>","protected":false},"excerpt":{"rendered":"<p>\u201eEi se dau de dreapta \u0219i nu sunt de dreapta, unii se dau de st\u00e2nga&hellip;<\/p>\n","protected":false},"author":0,"featured_media":49328,"comment_status":"open","ping_status":"open","sticky":false,"template":"","format":"standard","meta":{"footnotes":""},"categories":[2],"tags":[],"class_list":["post-49394","post","type-post","status-publish","format-standard","has-post-thumbnail","hentry","category-actual"],"_links":{"self":[{"href":"https:\/\/247stiri.ro\/index.php\/wp-json\/wp\/v2\/posts\/49394","targetHints":{"allow":["GET"]}}],"collection":[{"href":"https:\/\/247stiri.ro\/index.php\/wp-json\/wp\/v2\/posts"}],"about":[{"href":"https:\/\/247stiri.ro\/index.php\/wp-json\/wp\/v2\/types\/post"}],"replies":[{"embeddable":true,"href":"https:\/\/247stiri.ro\/index.php\/wp-json\/wp\/v2\/comments?post=49394"}],"version-history":[{"count":0,"href":"https:\/\/247stiri.ro\/index.php\/wp-json\/wp\/v2\/posts\/49394\/revisions"}],"wp:featuredmedia":[{"embeddable":true,"href":"https:\/\/247stiri.ro\/index.php\/wp-json\/wp\/v2\/media\/49328"}],"wp:attachment":[{"href":"https:\/\/247stiri.ro\/index.php\/wp-json\/wp\/v2\/media?parent=49394"}],"wp:term":[{"taxonomy":"category","embeddable":true,"href":"https:\/\/247stiri.ro\/index.php\/wp-json\/wp\/v2\/categories?post=49394"},{"taxonomy":"post_tag","embeddable":true,"href":"https:\/\/247stiri.ro\/index.php\/wp-json\/wp\/v2\/tags?post=49394"}],"curies":[{"name":"wp","href":"https:\/\/api.w.org\/{rel}","templated":true}]}}