{"id":49411,"date":"2025-12-03T20:45:31","date_gmt":"2025-12-03T20:45:31","guid":{"rendered":"https:\/\/247stiri.ro\/index.php\/2025\/12\/03\/george-simion-singura-sansa-reala-ca-aceasta-motiune-sa-treaca-saptamana-viitoare-este-daca-oamenii-nu-vor-mai-vota-cu-candidatii-puterii\/"},"modified":"2025-12-03T20:45:31","modified_gmt":"2025-12-03T20:45:31","slug":"george-simion-singura-sansa-reala-ca-aceasta-motiune-sa-treaca-saptamana-viitoare-este-daca-oamenii-nu-vor-mai-vota-cu-candidatii-puterii","status":"publish","type":"post","link":"https:\/\/247stiri.ro\/index.php\/2025\/12\/03\/george-simion-singura-sansa-reala-ca-aceasta-motiune-sa-treaca-saptamana-viitoare-este-daca-oamenii-nu-vor-mai-vota-cu-candidatii-puterii\/","title":{"rendered":"George Simion: \u201eSingura \u0219ans\u0103 real\u0103 ca aceast\u0103 mo\u021biune s\u0103 treac\u0103 s\u0103pt\u0103m\u00e2na viitoare este dac\u0103 oamenii nu vor mai vota cu candida\u021bii puterii\u201d"},"content":{"rendered":"<p>Liderul AUR a subliniat c\u0103 pentru ca mo\u021biunea s\u0103 treac\u0103 este nevoie de 233 de voturi \u00een Parlament, iar forma\u021biunea sa dispune de 90 de parlamentari. Cu toate acestea, o mi\u0219care surprinz\u0103toare pentru ca mo\u021biunea s\u0103 aib\u0103 c\u00e2\u0219tig de cauz\u0103 se poate dovedi rezultatul alegerilor par\u021biale locale de duminic\u0103:<\/p>\n<p>\u201eCa s\u0103 putem da jos guvernul avem nevoie de 233 de parlamentari. Da, vom depune mo\u021biune de cenzur\u0103 \u00een aceast\u0103 vineri, domnul Piperea \u00eempreun\u0103 cu domnul Peiu, \u00eempreun\u0103 cu al\u021bi speciali\u0219ti din partidul nostru au redactat mo\u021biunea de cenzur\u0103, \u0219ti\u021bi bine c\u0103 la fiecare asumare a r\u0103spunderii au stat \u00een banc\u0103 parlamentarii puterii r\u0103spunz\u00e2nd \u201ePrezent nu votez\u201d. Aceast\u0103 mo\u021biune va fi votat\u0103 s\u0103pt\u0103m\u00e2na viitoare. Sunt tare curios cei care spun c\u0103 habar nu aveau c\u0103 se m\u0103resc impozitele pe cl\u0103diri \u0219i impozitele locale cu 70% \u0219i c\u0103 habar nu aveau de impozitele pe magazii, solarii \u0219i p\u0103tule.<\/p>\n<p>Cum vor vota la aceast\u0103 mo\u021biune: Sorin Grindeanu, pre\u0219edintele PSD, a spus c\u0103 nu va sus\u021bine mo\u021biunea. A\u0219a c\u0103 sunt 2 op\u021biuni pe care le tot aud \u0219i mie, ca lider al opozi\u021biei, \u00eemi tot vin cred c\u0103 zilnic, din or\u0103 \u00een or\u0103: Scoate\u021bi oameni \u00een strad\u0103 \u0219i da\u021bi jos guvernul printr-o mo\u021biune de cenzur\u0103. Depunem aceast\u0103 mo\u021biune de cenzur\u0103, de scos oamenii \u00een strad\u0103 i-am scos \u0219i \u00eei vom mai scoate. Cred c\u0103 solu\u021bia \u00een acest moment sunt alegerile anticipate. Noi avem 90 din cei 233 de parlamentari de care este nevoie, ar fi fost nevoie de luciditate \u0219i de mai pu\u021bin\u0103 dezbinare \u00een momentul 1 decembrie. Exact acum un an, ni\u0219te alegeri pe care nu \u00een\u021beleg de ce nu au fost anulate, din moment ce alegerile preziden\u021biale au fost anulate, probabil ei s-au v\u0103zut cu sacii \u00een c\u0103ru\u021b\u0103, adic\u0103 toate partidele sistemului au \u00eencropit o majoritate<\/p>\n<p>Singura \u0219ans\u0103 real\u0103 ca aceast\u0103 mo\u021biune s\u0103 treac\u0103 s\u0103pt\u0103m\u00e2na viitoare este dac\u0103 oamenii, \u00eentr-un num\u0103r cov\u00e2r\u0219itor, o parte din poporul rom\u00e2n, adic\u0103 cei care pot vota la Buz\u0103u \u0219i la Bucure\u0219ti, vor face o schimbare \u0219i nu vor mai vota cu ace\u0219ti candida\u021bi ai puterii. Mai sunt alegeri \u00een alte comune, mai avem \u0219i la Lumina, \u0219i la G\u0103e\u0219ti, \u0219i \u00een Mihai Eminescu candida\u021bi, suntem prima for\u021b\u0103 politic\u0103 a rom\u00e2nilor, dar ne trebuie reprezentare \u00een Parlament. Mul\u021bi a\u0219teapt\u0103 \u201eFace\u021bi ceva, voi de la AUR\u201d. Degeaba avem 40% \u00een sondaje dac\u0103 acest 40% nu se translateaz\u0103 \u00eentr-un vot pe candidatul nostru la Bucure\u0219ti, Anca Alexandrescu, \u0219i pe candidatul nostru de la Buz\u0103u, \u0218tefan Avr\u0103mescu.<\/p>\n<p>Eu cred c\u0103 acest guvern o s\u0103 cad\u0103 doar dac\u0103 Anca Alexandrescu iese \u0219i am v\u0103zut disperarea \u00een ultimele 5 zile, am v\u0103zut multe manipul\u0103ri, multe s\u0103ge\u021bi c\u0103tre mine, c\u0103 Simion nu o mai sus\u021bine pe Anca Alexandrescu pentru c\u0103 se teme de \u0219efia partidului. Asta e ultima noastr\u0103 problem\u0103 \u0219i nu de \u0219efia partidului suferim, ci de oamenii pe care i-am v\u0103zut ast\u0103zi la Vadul Pa\u0219ii, \u00een Buz\u0103u. B\u0103tr\u00e2nii no\u0219tri se tem s\u0103 dea drumul la c\u0103ldur\u0103 \u00een cas\u0103 pentru c\u0103 se g\u00e2ndesc c\u00e2t o s\u0103 le vin\u0103 factura. Nu pot s\u0103 \u00ee\u0219i cumpere lemne. Am v\u0103zut oameni care nu \u00ee\u0219i pun produsele \u00een co\u0219 la supermarket \u0219i nu au bani s\u0103 \u00ee\u0219i pl\u0103teasc\u0103 factura.<\/p>\n<p>Vedem agricultorii care \u0219i a\u0219a erau \u00een pericol pentru c\u0103 nu au unde s\u0103 \u00ee\u0219i v\u00e2nd\u0103 marfa, pentru c\u0103 acceseaz\u0103 dob\u00e2nzi c\u0103m\u0103t\u0103re\u0219ti, pentru c\u0103 nu au iriga\u021bii, acum c\u0103 sunt amenin\u021ba\u021bi cu aceste taxe pentru solarii, puse de noua guvernare. Dup\u0103 m\u0103rirea TVA-ului au g\u0103sit solu\u021bia minune. Eu \u0219tiu c\u0103 un guvern normal la cap ar da bani oamenilor s\u0103-\u0219i fac\u0103 solarii \u0219i s\u0103 produc\u0103 \u00een Rom\u00e2nia, nu \u00eei impoziteaz\u0103 \u00een plus. Sunt foarte multe probleme \u0219i tocmai de aceea am v\u0103zut c\u00e2t de disperat este sistemul la Alba Iulia ca noi s\u0103 nu ne unim. Nu m-am revoltat public \u0219i eu, \u00eenainte s\u0103 \u00eembrac haina aceasta de lider al opozi\u021biei \u0219i de om politic, sunt zeci de imagini cu mine cu diferite conflicte cu jandarmeria. Am preferat ca de Ziua Na\u021bional\u0103 s\u0103 nu \u00eendemn oamenii s\u0103 huiduie \u0219i s\u0103 nu st\u00e2rnesc conflicte suplimentare, cum ar fi fost cazul dac\u0103 eram activist civic sau orice altceva, pentru ce s-a \u00eent\u00e2mplat la Alba Iulia, pentru c\u0103 foarte mul\u021bi din sistem, pentru c\u0103 nu m\u0103 refer numai la for\u021be de ordine, ci m\u0103 refer la anumi\u021bi lideri \u00eenchipui\u021bi, nu au vrut ca suverani\u0219tii s\u0103 arate c\u00e2\u021bi au fost \u0219i cred c\u0103 au fost vreo 50.000 de patrio\u021bi la Alba Iulia, veni\u021bi special pentru a marca momentul. Am v\u0103zut un spectacol \u00eenfior\u0103tor, groaznic, la multe trusturi de pres\u0103 care, din scandaluri \u0219i din minciuni de genul c\u0103 am pl\u0103tit participan\u021bii cu 100 de lei \u0219i cu o chifl\u0103 \u0219i un hamburger, nu ne-au scos, de diminea\u021ba p\u00e2n\u0103 seara, de Ziua Na\u021bional\u0103, ei au turuit acest lucru.<\/p>\n<p>Suntem un partid mare \u0219i \u00eemi cer scuze membrilor \u0219i simpatizan\u021bilor AUR care au venit la Alba Iulia \u0219i au fost denigra\u021bi \u00een felul acesta. Marea majoritate dintre ei \u0219i-au pl\u0103tit drumul la autocar pentru a fi de Ziua Na\u021bional\u0103 la Alba Iulia. Felul \u00een care se \u00eencearc\u0103 scindarea noastr\u0103, felul \u00een care, inclusiv pentru votul de duminic\u0103, se arunc\u0103 fel de fel de fumigene este dovada cea mai mare c\u0103 sunt speria\u021bi de noi \u0219i de rom\u00e2nii care o s\u0103 ias\u0103 la vot duminic\u0103. \u0218i de data asta nu mai pot vota ca la preziden\u021biale, 3 milioane pe listele suplimentare, acum votezi unde ai domiciliul\u201d, a spus George Simion la Realitatea Plus.<\/p>\n<p><a title='George Simion, mesaj crucial inainte de alegeri: \"Este sansa de a da acest Guvern jos\"' href=\"https:\/\/www.realitatea.net\/stiri\/actual\/george-simion-mesaj-crucial-inainte-de-alegeri-este-sansa-de-a-da-acest-guvern-jos_692fe7e262a28d07054956e3\">George Simion, mesaj crucial \u00eenainte de alegeri: \u201dEste \u0219ansa de a da acest Guvern jos\u201d<\/a><\/p>","protected":false},"excerpt":{"rendered":"<p>Liderul AUR a subliniat c\u0103 pentru ca mo\u021biunea s\u0103 treac\u0103 este nevoie de 233 de&hellip;<\/p>\n","protected":false},"author":0,"featured_media":49406,"comment_status":"open","ping_status":"open","sticky":false,"template":"","format":"standard","meta":{"footnotes":""},"categories":[2],"tags":[],"class_list":["post-49411","post","type-post","status-publish","format-standard","has-post-thumbnail","hentry","category-actual"],"_links":{"self":[{"href":"https:\/\/247stiri.ro\/index.php\/wp-json\/wp\/v2\/posts\/49411","targetHints":{"allow":["GET"]}}],"collection":[{"href":"https:\/\/247stiri.ro\/index.php\/wp-json\/wp\/v2\/posts"}],"about":[{"href":"https:\/\/247stiri.ro\/index.php\/wp-json\/wp\/v2\/types\/post"}],"replies":[{"embeddable":true,"href":"https:\/\/247stiri.ro\/index.php\/wp-json\/wp\/v2\/comments?post=49411"}],"version-history":[{"count":0,"href":"https:\/\/247stiri.ro\/index.php\/wp-json\/wp\/v2\/posts\/49411\/revisions"}],"wp:featuredmedia":[{"embeddable":true,"href":"https:\/\/247stiri.ro\/index.php\/wp-json\/wp\/v2\/media\/49406"}],"wp:attachment":[{"href":"https:\/\/247stiri.ro\/index.php\/wp-json\/wp\/v2\/media?parent=49411"}],"wp:term":[{"taxonomy":"category","embeddable":true,"href":"https:\/\/247stiri.ro\/index.php\/wp-json\/wp\/v2\/categories?post=49411"},{"taxonomy":"post_tag","embeddable":true,"href":"https:\/\/247stiri.ro\/index.php\/wp-json\/wp\/v2\/tags?post=49411"}],"curies":[{"name":"wp","href":"https:\/\/api.w.org\/{rel}","templated":true}]}}