{"id":49414,"date":"2025-12-03T21:45:00","date_gmt":"2025-12-03T21:45:00","guid":{"rendered":"https:\/\/247stiri.ro\/index.php\/2025\/12\/03\/calugaritele-rebele-fac-senzatie-pe-retelele-de-socializare-foto-video\/"},"modified":"2025-12-03T21:45:00","modified_gmt":"2025-12-03T21:45:00","slug":"calugaritele-rebele-fac-senzatie-pe-retelele-de-socializare-foto-video","status":"publish","type":"post","link":"https:\/\/247stiri.ro\/index.php\/2025\/12\/03\/calugaritele-rebele-fac-senzatie-pe-retelele-de-socializare-foto-video\/","title":{"rendered":"C\u0103lug\u0103ri\u021bele rebele fac senza\u021bie pe re\u021belele de socializare &#8211; FOTO\/VIDEO"},"content":{"rendered":"<p>C\u0103lug\u0103ri\u021bele sus\u021bin c\u0103, \u00een decembrie 2023, au fost luate cu for\u021ba din m\u0103n\u0103stire \u0219i transferate \u00eentr-un azil catolic, unde s-au sim\u021bit profund nefericite. \u201e\u00cenainte s\u0103 mor \u00een acel azil, a\u0219 fi preferat s\u0103 merg \u00eentr-o paji\u0219te \u0219i s\u0103 intru \u00een ve\u0219nicie \u00een felul acesta\u201d, a explicat una dintre ele, sora Bernadette.<\/p>\n\n<p>La \u00eenceputul lunii septembrie 2024, cu ajutorul unor fo\u0219ti elevi \u0219i chiar al unui l\u0103c\u0103tu\u0219, cele trei surori au reu\u0219it s\u0103 se \u00eentoarc\u0103 la Castelul Goldenstein, vechea lor m\u0103n\u0103stire unde \u0219i-au petrecut \u00eentreaga via\u021b\u0103.<\/p>\n<p>Re\u021belele sociale \u2013 protec\u021bie sau obstacol<\/p>\n<p>Dup\u0103 \u00eentoarcere, c\u0103lug\u0103ri\u021bele au \u00eenceput s\u0103 posteze videoclipuri cu via\u021ba lor de zi cu zi \u2013 rug\u0103ciuni, pr\u00e2nzuri, antrenamente cu sora Rita, care a primit chiar \u0219i m\u0103nu\u0219i de box. Conturile lor au adunat aproape 100.000 de urm\u0103ritori pe Instagram \u0219i mii pe Facebook. Sus\u021bin\u0103tori din \u00eentreaga lume le-au trimis alimente, electricitate \u0219i asisten\u021b\u0103 tehnic\u0103.<\/p>\n<p>Aceast\u0103 activitate a str\u00e2nit nemul\u021bumirea autorit\u0103\u021bilor biserice\u0219ti, care le-au pus \u00een vedere celor 3 c\u0103 pot r\u0103m\u00e2ne \u00een m\u0103n\u0103stire \u201ep\u00e2n\u0103 la o nou\u0103 notificare\u201d, dar numai dac\u0103 \u00ee\u0219i opresc activitatea pe re\u021belele de socializare \u0219i limiteaz\u0103 accesul persoanelor din afar\u0103 \u00een partea \u00eenchis\u0103 a m\u0103n\u0103stirii.<\/p>\n\n<p>\u00a0<\/p>","protected":false},"excerpt":{"rendered":"<p>C\u0103lug\u0103ri\u021bele sus\u021bin c\u0103, \u00een decembrie 2023, au fost luate cu for\u021ba din m\u0103n\u0103stire \u0219i transferate&hellip;<\/p>\n","protected":false},"author":0,"featured_media":49362,"comment_status":"open","ping_status":"open","sticky":false,"template":"","format":"standard","meta":{"footnotes":""},"categories":[8],"tags":[],"class_list":["post-49414","post","type-post","status-publish","format-standard","has-post-thumbnail","hentry","category-lifestyle"],"_links":{"self":[{"href":"https:\/\/247stiri.ro\/index.php\/wp-json\/wp\/v2\/posts\/49414","targetHints":{"allow":["GET"]}}],"collection":[{"href":"https:\/\/247stiri.ro\/index.php\/wp-json\/wp\/v2\/posts"}],"about":[{"href":"https:\/\/247stiri.ro\/index.php\/wp-json\/wp\/v2\/types\/post"}],"replies":[{"embeddable":true,"href":"https:\/\/247stiri.ro\/index.php\/wp-json\/wp\/v2\/comments?post=49414"}],"version-history":[{"count":0,"href":"https:\/\/247stiri.ro\/index.php\/wp-json\/wp\/v2\/posts\/49414\/revisions"}],"wp:featuredmedia":[{"embeddable":true,"href":"https:\/\/247stiri.ro\/index.php\/wp-json\/wp\/v2\/media\/49362"}],"wp:attachment":[{"href":"https:\/\/247stiri.ro\/index.php\/wp-json\/wp\/v2\/media?parent=49414"}],"wp:term":[{"taxonomy":"category","embeddable":true,"href":"https:\/\/247stiri.ro\/index.php\/wp-json\/wp\/v2\/categories?post=49414"},{"taxonomy":"post_tag","embeddable":true,"href":"https:\/\/247stiri.ro\/index.php\/wp-json\/wp\/v2\/tags?post=49414"}],"curies":[{"name":"wp","href":"https:\/\/api.w.org\/{rel}","templated":true}]}}