{"id":49436,"date":"2025-12-03T22:45:29","date_gmt":"2025-12-03T22:45:29","guid":{"rendered":"https:\/\/247stiri.ro\/index.php\/2025\/12\/03\/incident-socant-intr-o-scoala-din-teleorman-o-eleva-a-fost-luata-cu-forta-din-clasa-si-batuta-pe-strada-trei-adolescente-au-fost-retinute-video\/"},"modified":"2025-12-03T22:45:29","modified_gmt":"2025-12-03T22:45:29","slug":"incident-socant-intr-o-scoala-din-teleorman-o-eleva-a-fost-luata-cu-forta-din-clasa-si-batuta-pe-strada-trei-adolescente-au-fost-retinute-video","status":"publish","type":"post","link":"https:\/\/247stiri.ro\/index.php\/2025\/12\/03\/incident-socant-intr-o-scoala-din-teleorman-o-eleva-a-fost-luata-cu-forta-din-clasa-si-batuta-pe-strada-trei-adolescente-au-fost-retinute-video\/","title":{"rendered":"Incident \u0219ocant \u00eentr-o \u0219coal\u0103 din Teleorman. O elev\u0103 a fost luat\u0103 cu for\u021ba din clas\u0103 \u0219i b\u0103tut\u0103 pe strad\u0103. Trei adolescente au fost re\u021binute \u2013 VIDEO"},"content":{"rendered":"<p>Ofi\u021berii de la Poli\u021bia Ro\u0219iori de Vede au dispus re\u021binerea a trei minore, cercetate pentru s\u0103v\u00e2r\u0219irea infrac\u021biunilor de t\u00e2lh\u0103rie, amenin\u021bare, loviri sau alte violen\u021be \u0219i lipsire de libertate.<\/p>\n<p>Potrivit oamenilor legii, \u00een ziua de 2 decembrie, o elev\u0103 a unui liceu din municipiu ar fi scos din sala de clas\u0103, \u00eempotriva voin\u021bei sale, o coleg\u0103 \u0219i ar fi dus-o pe o strad\u0103 din apropierea unit\u0103\u021bii \u0219colare. Acolo, \u00eempreun\u0103 cu alte minore, ar fi agresat-o \u0219i i-ar fi luat telefonul mobil, refuz\u00e2nd s\u0103 i-l restituie.<\/p>\n<p>\u00cen aceea\u0219i zi, o parte dintre persoanele implicate, al\u0103turi de alte dou\u0103 tinere, ar fi agresat-o din nou pe victima \u0219i ar fi amenin\u021bat-o. \u00cen urma incidentului, poli\u021bi\u0219tii au emis ordine de protec\u021bie provizorii \u00eempotriva celor implicate.<\/p>\n<p>Potrivit primelor informa\u021bii, dou\u0103 eleve din clasa a IX-a de la Colegiul Tehnic \u201eAnghel Saligny\u201d din Ro\u0219iori de Vede, cu v\u00e2rste de 15 \u0219i 16 ani, s-ar fi certat din cauza unui b\u0103iat, conflictul degener\u00e2nd \u00een b\u0103taie.\u00a0<\/p>","protected":false},"excerpt":{"rendered":"<p>Ofi\u021berii de la Poli\u021bia Ro\u0219iori de Vede au dispus re\u021binerea a trei minore, cercetate pentru&hellip;<\/p>\n","protected":false},"author":0,"featured_media":49437,"comment_status":"open","ping_status":"open","sticky":false,"template":"","format":"standard","meta":{"footnotes":""},"categories":[2],"tags":[],"class_list":["post-49436","post","type-post","status-publish","format-standard","has-post-thumbnail","hentry","category-actual"],"_links":{"self":[{"href":"https:\/\/247stiri.ro\/index.php\/wp-json\/wp\/v2\/posts\/49436","targetHints":{"allow":["GET"]}}],"collection":[{"href":"https:\/\/247stiri.ro\/index.php\/wp-json\/wp\/v2\/posts"}],"about":[{"href":"https:\/\/247stiri.ro\/index.php\/wp-json\/wp\/v2\/types\/post"}],"replies":[{"embeddable":true,"href":"https:\/\/247stiri.ro\/index.php\/wp-json\/wp\/v2\/comments?post=49436"}],"version-history":[{"count":0,"href":"https:\/\/247stiri.ro\/index.php\/wp-json\/wp\/v2\/posts\/49436\/revisions"}],"wp:featuredmedia":[{"embeddable":true,"href":"https:\/\/247stiri.ro\/index.php\/wp-json\/wp\/v2\/media\/49437"}],"wp:attachment":[{"href":"https:\/\/247stiri.ro\/index.php\/wp-json\/wp\/v2\/media?parent=49436"}],"wp:term":[{"taxonomy":"category","embeddable":true,"href":"https:\/\/247stiri.ro\/index.php\/wp-json\/wp\/v2\/categories?post=49436"},{"taxonomy":"post_tag","embeddable":true,"href":"https:\/\/247stiri.ro\/index.php\/wp-json\/wp\/v2\/tags?post=49436"}],"curies":[{"name":"wp","href":"https:\/\/api.w.org\/{rel}","templated":true}]}}