{"id":49443,"date":"2025-12-04T05:46:33","date_gmt":"2025-12-04T05:46:33","guid":{"rendered":"https:\/\/247stiri.ro\/index.php\/2025\/12\/04\/documente-bomba-cum-au-vrut-sa-ascunda-dezastrul-din-prahova-diana-buzoianu-stia-inca-din-urma-cu-doua-saptamani\/"},"modified":"2025-12-04T05:46:33","modified_gmt":"2025-12-04T05:46:33","slug":"documente-bomba-cum-au-vrut-sa-ascunda-dezastrul-din-prahova-diana-buzoianu-stia-inca-din-urma-cu-doua-saptamani","status":"publish","type":"post","link":"https:\/\/247stiri.ro\/index.php\/2025\/12\/04\/documente-bomba-cum-au-vrut-sa-ascunda-dezastrul-din-prahova-diana-buzoianu-stia-inca-din-urma-cu-doua-saptamani\/","title":{"rendered":"DOCUMENTE-bomb\u0103: cum au vrut s\u0103 ascund\u0103 dezastrul din Prahova: Diana Buzoianu \u0219tia \u00eenc\u0103 din urm\u0103 cu dou\u0103 s\u0103pt\u0103m\u00e2ni"},"content":{"rendered":"<p>Potrivit ultimelor documente, \u00een urm\u0103 cu aproape dou\u0103 luni, rezista Diana Buzoianu \u0219i oficiali din cadrul Hidroelectrica \u0219i Apele Rom\u00e2ne s-au \u00eent\u00e2lnit la Paltinu s\u0103 discute urgen\u021ba. Acestea reflect\u0103 faptul c\u0103 ministrul Mediului \u0219tia despre riscul de turbiditate \u00een apa din lacul Paltinu, dar a t\u0103cut \u0219i nu a spus nimic public. De cealalt\u0103 parte, prefectul de Prahova \u0219i directorul pus de Buzoianu la Apele Rom\u00e2ne, Florin Ghi\u021b\u0103, anun\u021b\u0103 c\u0103 apa ar putea fi redat\u0103 oamenilor mai devreme de luni.<\/p>\n<p>&#8222;Apa a plecat din baraje, a ajuns \u00een sta\u021bie. A \u00eenceput de asear\u0103 procesul de tratare a acesteia. F\u0103r\u0103 s\u0103 ne hazard\u0103m, avem speran\u021be ca acel termen care a fost avansat acum c\u00e2teva zile, cum c\u0103 apa va ajunge la popula\u021bie abia luni, va fi scurtat. Avem aceast\u0103 speran\u021b\u0103&#8221;, a declarat Daniel Nicodim, prefectul jude\u021bului Prahova.&#8221;Sper\u0103m ca \u00een acest weekend s\u0103 avem \u0219i ap\u0103 la robinet&#8221;, a transmis Florin Ghi\u021b\u0103, director general al Apelor Rom\u00e2ne.Nicu\u0219or Dan sare \u00een ap\u0103rarea ministrei rezist a Mediului dup\u0103 ce PSD i-a cerut demisia, iar acum, pre\u0219edintele d\u0103 vina pe Apele Rom\u00e2ne.&#8221;\u00cen astfel de situa\u021bii trebuie s\u0103 stabilim vinova\u021bii. \u00cen opinia mea, dar bine\u00een\u021beles, sunt autorit\u0103\u021bi de control care vor face asta, \u00een opinia mea, vinov\u0103\u021bia este la Apele Rom\u00e2ne.Noi avem ni\u0219te proiectan\u021bi, proiectan\u021bii fac ni\u0219te proiecte, dup\u0103 care se duc la autorit\u0103\u021bile statului \u0219i ei scriu acolo c\u0103 nu exist\u0103 niciun pericol \u0219i se \u00eent\u00e2mpl\u0103 c\u0103 ce zic ei c\u0103 nu e un pericol, se \u00eent\u00e2mpl\u0103 c\u0103 plou\u0103 sau sunt ni\u0219te fenomene \u0219i aceste pericole nu au fost prevenite. Asta este situa\u021bia general\u0103&#8221;, a declarat Nicu\u0219or Dan.Oamenii din C\u00e2mpina nu mai au nicio speran\u021b\u0103. De cinci zile nu mai au ap\u0103 \u0219i stau \u00een fiecare zi la cozi pentru c\u00e2teva sticle. Oamenii \u00eei acuz\u0103 pe cei responsabili c\u0103 nu fac nimic s\u0103 \u00eei ajute.<\/p>","protected":false},"excerpt":{"rendered":"<p>Potrivit ultimelor documente, \u00een urm\u0103 cu aproape dou\u0103 luni, rezista Diana Buzoianu \u0219i oficiali din&hellip;<\/p>\n","protected":false},"author":0,"featured_media":49444,"comment_status":"open","ping_status":"open","sticky":false,"template":"","format":"standard","meta":{"footnotes":""},"categories":[3],"tags":[],"class_list":["post-49443","post","type-post","status-publish","format-standard","has-post-thumbnail","hentry","category-politica"],"_links":{"self":[{"href":"https:\/\/247stiri.ro\/index.php\/wp-json\/wp\/v2\/posts\/49443","targetHints":{"allow":["GET"]}}],"collection":[{"href":"https:\/\/247stiri.ro\/index.php\/wp-json\/wp\/v2\/posts"}],"about":[{"href":"https:\/\/247stiri.ro\/index.php\/wp-json\/wp\/v2\/types\/post"}],"replies":[{"embeddable":true,"href":"https:\/\/247stiri.ro\/index.php\/wp-json\/wp\/v2\/comments?post=49443"}],"version-history":[{"count":0,"href":"https:\/\/247stiri.ro\/index.php\/wp-json\/wp\/v2\/posts\/49443\/revisions"}],"wp:featuredmedia":[{"embeddable":true,"href":"https:\/\/247stiri.ro\/index.php\/wp-json\/wp\/v2\/media\/49444"}],"wp:attachment":[{"href":"https:\/\/247stiri.ro\/index.php\/wp-json\/wp\/v2\/media?parent=49443"}],"wp:term":[{"taxonomy":"category","embeddable":true,"href":"https:\/\/247stiri.ro\/index.php\/wp-json\/wp\/v2\/categories?post=49443"},{"taxonomy":"post_tag","embeddable":true,"href":"https:\/\/247stiri.ro\/index.php\/wp-json\/wp\/v2\/tags?post=49443"}],"curies":[{"name":"wp","href":"https:\/\/api.w.org\/{rel}","templated":true}]}}