{"id":49476,"date":"2025-12-04T07:45:09","date_gmt":"2025-12-04T07:45:09","guid":{"rendered":"https:\/\/247stiri.ro\/index.php\/2025\/12\/04\/sefa-ccr-detalii-explozive-din-spatele-anularii-alegerilor-am-luat-la-cunostinta-de-informatiile-din-documentele-csat-odata-cu-cetatenii\/"},"modified":"2025-12-04T07:45:09","modified_gmt":"2025-12-04T07:45:09","slug":"sefa-ccr-detalii-explozive-din-spatele-anularii-alegerilor-am-luat-la-cunostinta-de-informatiile-din-documentele-csat-odata-cu-cetatenii","status":"publish","type":"post","link":"https:\/\/247stiri.ro\/index.php\/2025\/12\/04\/sefa-ccr-detalii-explozive-din-spatele-anularii-alegerilor-am-luat-la-cunostinta-de-informatiile-din-documentele-csat-odata-cu-cetatenii\/","title":{"rendered":"\u0218efa CCR, detalii explozive din spatele anul\u0103rii alegerilor: \u201eAm luat la cuno\u0219tin\u021b\u0103 de informa\u021biile din documentele CSAT odat\u0103 cu cet\u0103\u021benii\u201d"},"content":{"rendered":"<p>Cu alte cuvine, \u0219efa CCR recunoa\u0219te c\u0103 nu avea nicio alt\u0103 informa\u021bie, cu excep\u021bia celor trimise de CSAT, f\u0103r\u0103 probe concrete sau \u021binute la secret.<\/p>\n<p>\u201eCunosc lu\u0103rile de pozi\u021bie, s\u0103 le numesc, din spa\u021biu public, referitoare la validarea primului tur, invalidarea primului tur.<\/p>\n<p>Cred c\u0103 sunt c\u00e2teva considerente \u00een acea hot\u0103r\u00e2re care explic\u0103 faptul c\u0103, de\u0219i, da, Curtea a putut s\u0103 valideze primul tur de scrutin \u0219i a f\u0103cut-o \u00een urma verific\u0103rii unor procese verbale, odat\u0103 cu declasificarea unor documente \u0219i cu luarea la cuno\u0219tin\u021b\u0103 de c\u0103tre \u00eentregul corp electoral din \u00eentreaga popula\u021bie a satului, a unor elemente pe care nu aveam cum s\u0103 le cunoa\u0219tem la validarea primului tur de scrutin.<\/p>\n<p>Cred c\u0103 exist\u0103 acolo preciz\u0103ri \u00een c\u00e2teva considerente din hot\u0103r\u00e2rea aceea care arat\u0103 c\u0103, \u00eentr-o a doua faz\u0103, Curtea a invalidat \u00eentregul proces electoral.Nu doar s-a pus doar problema relu\u0103rii primului tur de scrutin.Curtea Constitu\u021bional\u0103 a luat la cuno\u0219tin\u021b\u0103 odat\u0103 cu to\u021bi ceilal\u021bi cet\u0103\u021beni, cu \u00eentregul electorat, dar cu to\u021bi ceilal\u021bi cet\u0103\u021beni, de informa\u021biile con\u021binute \u00een acele documente.\u201d, a declarat Simina T\u0103n\u0103sescu.<\/p>","protected":false},"excerpt":{"rendered":"<p>Cu alte cuvine, \u0219efa CCR recunoa\u0219te c\u0103 nu avea nicio alt\u0103 informa\u021bie, cu excep\u021bia celor&hellip;<\/p>\n","protected":false},"author":0,"featured_media":49469,"comment_status":"open","ping_status":"open","sticky":false,"template":"","format":"standard","meta":{"footnotes":""},"categories":[2],"tags":[],"class_list":["post-49476","post","type-post","status-publish","format-standard","has-post-thumbnail","hentry","category-actual"],"_links":{"self":[{"href":"https:\/\/247stiri.ro\/index.php\/wp-json\/wp\/v2\/posts\/49476","targetHints":{"allow":["GET"]}}],"collection":[{"href":"https:\/\/247stiri.ro\/index.php\/wp-json\/wp\/v2\/posts"}],"about":[{"href":"https:\/\/247stiri.ro\/index.php\/wp-json\/wp\/v2\/types\/post"}],"replies":[{"embeddable":true,"href":"https:\/\/247stiri.ro\/index.php\/wp-json\/wp\/v2\/comments?post=49476"}],"version-history":[{"count":0,"href":"https:\/\/247stiri.ro\/index.php\/wp-json\/wp\/v2\/posts\/49476\/revisions"}],"wp:featuredmedia":[{"embeddable":true,"href":"https:\/\/247stiri.ro\/index.php\/wp-json\/wp\/v2\/media\/49469"}],"wp:attachment":[{"href":"https:\/\/247stiri.ro\/index.php\/wp-json\/wp\/v2\/media?parent=49476"}],"wp:term":[{"taxonomy":"category","embeddable":true,"href":"https:\/\/247stiri.ro\/index.php\/wp-json\/wp\/v2\/categories?post=49476"},{"taxonomy":"post_tag","embeddable":true,"href":"https:\/\/247stiri.ro\/index.php\/wp-json\/wp\/v2\/tags?post=49476"}],"curies":[{"name":"wp","href":"https:\/\/api.w.org\/{rel}","templated":true}]}}