{"id":4952,"date":"2024-11-06T09:45:35","date_gmt":"2024-11-06T09:45:35","guid":{"rendered":"https:\/\/247stiri.ro\/index.php\/2024\/11\/06\/zelenski-primul-mesaj-dupa-victoria-lui-trump-presedintele-ucrainei-apreciaza-abordarea-pace-prin-forta\/"},"modified":"2024-11-06T09:45:35","modified_gmt":"2024-11-06T09:45:35","slug":"zelenski-primul-mesaj-dupa-victoria-lui-trump-presedintele-ucrainei-apreciaza-abordarea-pace-prin-forta","status":"publish","type":"post","link":"https:\/\/247stiri.ro\/index.php\/2024\/11\/06\/zelenski-primul-mesaj-dupa-victoria-lui-trump-presedintele-ucrainei-apreciaza-abordarea-pace-prin-forta\/","title":{"rendered":"Zelenski, primul mesaj dup\u0103 victoria lui Trump. Pre\u0219edintele Ucrainei apreciaz\u0103 abordarea \u00abpace prin for\u021b\u0103\u00bb"},"content":{"rendered":"<p>\u201e\u00cemi amintesc de extraordinara noastr\u0103 \u00eent\u00e2lnire cu pre\u0219edintele Trump \u00een septembrie, c\u00e2nd am discutat \u00een detaliu despre parteneriatul strategic Ucraina-SUA, despre Planul Victoriei \u0219i despre modalit\u0103\u021bile de a pune cap\u0103t agresiunii Rusiei \u00eempotriva Ucrainei.<\/p>\n<p>Apreciez angajamentul pre\u0219edintelui Trump fa\u021b\u0103 de abordarea \u00abpace prin for\u021b\u0103\u00bb \u00een afacerile globale. Acesta este exact principiul care poate aduce practic pacea just\u0103 \u00een Ucraina mai aproape. Am speran\u021ba c\u0103 \u00eel vom pune \u00een aplicare \u00eempreun\u0103\u201d, a declarat liderul ucrainean pe re\u021belele sociale.<\/p>\n<p>\u201eA\u0219tept\u0103m cu ner\u0103bdare o er\u0103 a Statelor Unite ale Americii puternice sub conducerea decisiv\u0103 a pre\u0219edintelui Trump. Ne baz\u0103m pe sprijinul bipartizan puternic \u0219i continuu pentru Ucraina \u00een Statele Unite.<\/p>\n<p>Suntem interesa\u021bi de dezvoltarea unei cooper\u0103ri politice \u0219i economice reciproc avantajoase, care va aduce beneficii ambelor noastre na\u021biuni. Ucraina, ca una dintre cele mai puternice puteri militare ale Europei, se angajeaz\u0103 s\u0103 asigure pacea \u0219i securitatea pe termen lung \u00een Europa \u0219i \u00een comunitatea transatlantic\u0103 cu sprijinul alia\u021bilor no\u0219tri.<\/p>\n<p>A\u0219tept cu ner\u0103bdare s\u0103 \u00eel felicit personal pe pre\u0219edintele Trump \u0219i s\u0103 discut\u0103m modalit\u0103\u021bi de consolidare a parteneriatului strategic al Ucrainei cu Statele Unite\u201d, a mai declarat pre\u0219edintele Ucrainei, Volodimir Zelenski.<\/p>\n<p><a href=\"https:\/\/www.realitatea.net\/stiri\/actual\/alegeri-sua-rusia-reactioneaza-trump-are-o-calitate-care-ne-este-utila_672b2950c16a1575e422e7f2\" target=\"_blank\" rel=\"noopener\">Alegeri SUA. Rusia reac\u021bioneaz\u0103: \u201eTrump are o calitate care ne este util\u0103\u201d<\/a><\/p>","protected":false},"excerpt":{"rendered":"<p>\u201e\u00cemi amintesc de extraordinara noastr\u0103 \u00eent\u00e2lnire cu pre\u0219edintele Trump \u00een septembrie, c\u00e2nd am discutat \u00een&hellip;<\/p>\n","protected":false},"author":0,"featured_media":4933,"comment_status":"open","ping_status":"open","sticky":false,"template":"","format":"standard","meta":{"footnotes":""},"categories":[2],"tags":[],"class_list":["post-4952","post","type-post","status-publish","format-standard","has-post-thumbnail","hentry","category-actual"],"_links":{"self":[{"href":"https:\/\/247stiri.ro\/index.php\/wp-json\/wp\/v2\/posts\/4952","targetHints":{"allow":["GET"]}}],"collection":[{"href":"https:\/\/247stiri.ro\/index.php\/wp-json\/wp\/v2\/posts"}],"about":[{"href":"https:\/\/247stiri.ro\/index.php\/wp-json\/wp\/v2\/types\/post"}],"replies":[{"embeddable":true,"href":"https:\/\/247stiri.ro\/index.php\/wp-json\/wp\/v2\/comments?post=4952"}],"version-history":[{"count":0,"href":"https:\/\/247stiri.ro\/index.php\/wp-json\/wp\/v2\/posts\/4952\/revisions"}],"wp:featuredmedia":[{"embeddable":true,"href":"https:\/\/247stiri.ro\/index.php\/wp-json\/wp\/v2\/media\/4933"}],"wp:attachment":[{"href":"https:\/\/247stiri.ro\/index.php\/wp-json\/wp\/v2\/media?parent=4952"}],"wp:term":[{"taxonomy":"category","embeddable":true,"href":"https:\/\/247stiri.ro\/index.php\/wp-json\/wp\/v2\/categories?post=4952"},{"taxonomy":"post_tag","embeddable":true,"href":"https:\/\/247stiri.ro\/index.php\/wp-json\/wp\/v2\/tags?post=4952"}],"curies":[{"name":"wp","href":"https:\/\/api.w.org\/{rel}","templated":true}]}}