{"id":49529,"date":"2025-12-04T09:45:11","date_gmt":"2025-12-04T09:45:11","guid":{"rendered":"https:\/\/247stiri.ro\/index.php\/2025\/12\/04\/turist-disparut-in-muntii-bucegi-salvamontistii-continua-cautarile-echipele-intervin-in-conditii-dificile\/"},"modified":"2025-12-04T09:45:11","modified_gmt":"2025-12-04T09:45:11","slug":"turist-disparut-in-muntii-bucegi-salvamontistii-continua-cautarile-echipele-intervin-in-conditii-dificile","status":"publish","type":"post","link":"https:\/\/247stiri.ro\/index.php\/2025\/12\/04\/turist-disparut-in-muntii-bucegi-salvamontistii-continua-cautarile-echipele-intervin-in-conditii-dificile\/","title":{"rendered":"Turist disp\u0103rut \u00een Mun\u021bii Bucegi. Salvamonti\u0219tii continu\u0103 c\u0103ut\u0103rile: echipele intervin \u00een condi\u021bii dificile"},"content":{"rendered":"<p>&#8222;Salvatorii montani au urcat asear\u0103 \u00een Mun\u021bii Bucegi \u0219i au r\u0103mas peste noapte la Cabana M\u0103l\u0103ie\u0219ti, pentru a putea interveni \u00eenc\u0103 de la primele ore ale dimine\u021bii. O echip\u0103 format\u0103 din 17 salvatori montani din cadrul Serviciului Jude\u021bean Salvamont Bra\u0219ov a reluat \u00een aceast\u0103 diminea\u021b\u0103 c\u0103ut\u0103rile \u00een zona Valea \u021aig\u0103ne\u0219ti, \u00een condi\u021biile \u00een care activitatea este \u00eengreunat\u0103 de stratul de z\u0103pad\u0103 proasp\u0103t\u0103.\u00cen paralel, \u00eempreun\u0103 cu familia, se \u00eencearc\u0103 reconstituirea c\u00e2t mai exact\u0103 a traseului parcurs de George. De\u0219i condi\u021biile meteo au fost dificile \u00een ultimele zile, salvatorii au decis s\u0103 depun\u0103 un nou efort pentru a continua opera\u021biunile de c\u0103utare&#8221;, au transmis reprezentan\u021bii Salvamont Bra\u0219ov.<a href=\"https:\/\/www.realitatea.net\/stiri\/ultimele-stiri\/salvamont-brasov-cere-ajutorul-pentru-cautarea-tanarului-disparut-in-muntii-bucegi-cine-la-vazut-este-rugat-sa-sune-la-112_692a0db8f59fae0c2d3f8778\" target=\"_blank\">Salvamont Bra\u0219ov cere ajutorul pentru c\u0103utarea t\u00e2n\u0103rului disp\u0103rut \u00een Mun\u021bii Bucegi. Cine l-a v\u0103zut este rugat s\u0103 sune la 112<\/a>\u00a0Contrar unor informa\u021bii vehiculate \u00een mediul online, p\u00e2n\u0103 \u00een acest moment nu exist\u0103 date care s\u0103 indice c\u0103 persoana disp\u0103rut\u0103 ar fi inten\u021bionat s\u0103 se deplaseze c\u0103tre Castelul Bran, men\u021bioneaz\u0103 salvatorii.\u00a0Av\u00e2nd \u00een vedere c\u0103 victima a raportat senza\u021bie de frig \u0219i posibil\u0103 instalare a hipotermiei, salvatorii montani i-au recomandat s\u0103 \u00ee\u0219i continue deplasarea pe traseul turistic pe care se afla, \u00eentruc\u00e2t, conform coordonatelor GPS, se afla \u00een direc\u021bia corect\u0103 c\u0103tre Cabana M\u0103l\u0103ie\u0219ti.\u00a0Recomandarea a avut \u00een vedere at\u00e2t reducerea timpului p\u00e2n\u0103 la \u00eent\u00e2lnirea cu echipele de interven\u021bie, c\u00e2t \u0219i men\u021binerea unei mi\u0219c\u0103ri moderate, esen\u021biale pentru producerea de c\u0103ldur\u0103 \u0219i \u00eent\u00e2rzierea instal\u0103rii hipotermiei severe, mai spun salvamonti\u0219tii, subliniind c\u0103 sta\u021bionarea \u00een condi\u021bii de viscol, cea\u021b\u0103 \u0219i temperaturi sc\u0103zute ar fi accelerat pierderea c\u0103ldurii corporale.\u00a0&#8222;Utilizarea resurselor tehnice depinde de condi\u021bii specifice de operare. \u00cen noaptea producerii incidentului \u0219i \u00een diminea\u021ba urm\u0103toare, echipamentele aeriene \u0219i dronele nu au putut fi folosite din cauza ce\u021bii dense \u0219i a v\u00e2ntului puternic, totodat\u0103 fiind necesar ca \u00eentregul echipament s\u0103 fie transportat la pas p\u00e2n\u0103 \u00een zona de interven\u021bie&#8221;, mai arat\u0103 sursa citat\u0103.\u00a0\u00cen momentul transmiterii acestei \u0219tiri, ac\u021biunea de c\u0103utare este \u00een plin\u0103 desf\u0103\u0219urare.<\/p>","protected":false},"excerpt":{"rendered":"<p>&#8222;Salvatorii montani au urcat asear\u0103 \u00een Mun\u021bii Bucegi \u0219i au r\u0103mas peste noapte la Cabana&hellip;<\/p>\n","protected":false},"author":0,"featured_media":49530,"comment_status":"open","ping_status":"open","sticky":false,"template":"","format":"standard","meta":{"footnotes":""},"categories":[2],"tags":[],"class_list":["post-49529","post","type-post","status-publish","format-standard","has-post-thumbnail","hentry","category-actual"],"_links":{"self":[{"href":"https:\/\/247stiri.ro\/index.php\/wp-json\/wp\/v2\/posts\/49529","targetHints":{"allow":["GET"]}}],"collection":[{"href":"https:\/\/247stiri.ro\/index.php\/wp-json\/wp\/v2\/posts"}],"about":[{"href":"https:\/\/247stiri.ro\/index.php\/wp-json\/wp\/v2\/types\/post"}],"replies":[{"embeddable":true,"href":"https:\/\/247stiri.ro\/index.php\/wp-json\/wp\/v2\/comments?post=49529"}],"version-history":[{"count":0,"href":"https:\/\/247stiri.ro\/index.php\/wp-json\/wp\/v2\/posts\/49529\/revisions"}],"wp:featuredmedia":[{"embeddable":true,"href":"https:\/\/247stiri.ro\/index.php\/wp-json\/wp\/v2\/media\/49530"}],"wp:attachment":[{"href":"https:\/\/247stiri.ro\/index.php\/wp-json\/wp\/v2\/media?parent=49529"}],"wp:term":[{"taxonomy":"category","embeddable":true,"href":"https:\/\/247stiri.ro\/index.php\/wp-json\/wp\/v2\/categories?post=49529"},{"taxonomy":"post_tag","embeddable":true,"href":"https:\/\/247stiri.ro\/index.php\/wp-json\/wp\/v2\/tags?post=49529"}],"curies":[{"name":"wp","href":"https:\/\/api.w.org\/{rel}","templated":true}]}}