{"id":49572,"date":"2025-12-04T12:44:50","date_gmt":"2025-12-04T12:44:50","guid":{"rendered":"https:\/\/247stiri.ro\/index.php\/2025\/12\/04\/diana-buzoianu-ministra-rezist-de-la-mediu-va-fi-demisa-saptamana-viitoare-surse\/"},"modified":"2025-12-04T12:44:50","modified_gmt":"2025-12-04T12:44:50","slug":"diana-buzoianu-ministra-rezist-de-la-mediu-va-fi-demisa-saptamana-viitoare-surse","status":"publish","type":"post","link":"https:\/\/247stiri.ro\/index.php\/2025\/12\/04\/diana-buzoianu-ministra-rezist-de-la-mediu-va-fi-demisa-saptamana-viitoare-surse\/","title":{"rendered":"Diana Buzoianu, ministra rezist de la Mediu, va fi demis\u0103 s\u0103pt\u0103m\u00e2na viitoare &#8211; SURSE"},"content":{"rendered":"<p>Ar fi a doua demitere din guvernul Bolojan, dup\u0103 cea de s\u0103pt\u0103m\u00e2na trecut\u0103 a ministrului Ap\u0103r\u0103rii, Ionu\u021b Mo\u0219teanu.<\/p>\n<p>\u0218tire \u00een curs de actualizare.<\/p>","protected":false},"excerpt":{"rendered":"<p>Ar fi a doua demitere din guvernul Bolojan, dup\u0103 cea de s\u0103pt\u0103m\u00e2na trecut\u0103 a ministrului&hellip;<\/p>\n","protected":false},"author":0,"featured_media":49567,"comment_status":"open","ping_status":"open","sticky":false,"template":"","format":"standard","meta":{"footnotes":""},"categories":[2],"tags":[],"class_list":["post-49572","post","type-post","status-publish","format-standard","has-post-thumbnail","hentry","category-actual"],"_links":{"self":[{"href":"https:\/\/247stiri.ro\/index.php\/wp-json\/wp\/v2\/posts\/49572","targetHints":{"allow":["GET"]}}],"collection":[{"href":"https:\/\/247stiri.ro\/index.php\/wp-json\/wp\/v2\/posts"}],"about":[{"href":"https:\/\/247stiri.ro\/index.php\/wp-json\/wp\/v2\/types\/post"}],"replies":[{"embeddable":true,"href":"https:\/\/247stiri.ro\/index.php\/wp-json\/wp\/v2\/comments?post=49572"}],"version-history":[{"count":0,"href":"https:\/\/247stiri.ro\/index.php\/wp-json\/wp\/v2\/posts\/49572\/revisions"}],"wp:featuredmedia":[{"embeddable":true,"href":"https:\/\/247stiri.ro\/index.php\/wp-json\/wp\/v2\/media\/49567"}],"wp:attachment":[{"href":"https:\/\/247stiri.ro\/index.php\/wp-json\/wp\/v2\/media?parent=49572"}],"wp:term":[{"taxonomy":"category","embeddable":true,"href":"https:\/\/247stiri.ro\/index.php\/wp-json\/wp\/v2\/categories?post=49572"},{"taxonomy":"post_tag","embeddable":true,"href":"https:\/\/247stiri.ro\/index.php\/wp-json\/wp\/v2\/tags?post=49572"}],"curies":[{"name":"wp","href":"https:\/\/api.w.org\/{rel}","templated":true}]}}