{"id":49576,"date":"2025-12-04T12:44:52","date_gmt":"2025-12-04T12:44:52","guid":{"rendered":"https:\/\/247stiri.ro\/index.php\/2025\/12\/04\/doi-fosti-judecatori-ccr-il-acuza-pe-nicusor-dan-de-incalcarea-constitutiei-pentru-clipul-electoral-cu-drula-de-la-cotroceni-ce-poate-pati-presedintele\/"},"modified":"2025-12-04T12:44:52","modified_gmt":"2025-12-04T12:44:52","slug":"doi-fosti-judecatori-ccr-il-acuza-pe-nicusor-dan-de-incalcarea-constitutiei-pentru-clipul-electoral-cu-drula-de-la-cotroceni-ce-poate-pati-presedintele","status":"publish","type":"post","link":"https:\/\/247stiri.ro\/index.php\/2025\/12\/04\/doi-fosti-judecatori-ccr-il-acuza-pe-nicusor-dan-de-incalcarea-constitutiei-pentru-clipul-electoral-cu-drula-de-la-cotroceni-ce-poate-pati-presedintele\/","title":{"rendered":"Doi fo\u0219ti judec\u0103tori CCR \u00eel acuz\u0103 pe Nicu\u0219or Dan de \u00eenc\u0103lcarea Constitu\u021biei pentru clipul electoral cu Drul\u0103 de la Cotroceni. Ce poate p\u0103\u021bi pre\u0219edintele"},"content":{"rendered":"<p>\u00cen materialul electoral, cei doi discut\u0103 despre urbanismul bucure\u0219tean \u0219i critic\u0103 administra\u021bia PNL din sectoare, inclusiv pe Ciprian Ciucu, \u00eenc\u0103lc\u00e2nd astfel obliga\u021bia constitu\u021bional\u0103 de neutralitate politic\u0103 a \u0219efului statului.<\/p>\n<p>Concret, \u0219eful statului apare \u00eentr-un clip electoral al\u0103turi de un candidat din cursa pentru Capital\u0103, \u00een timp ce \u00eel critic\u0103 pe un alt contracandidat din aceea\u0219i competi\u021bie electoral\u0103.<\/p>\n<p>Nicu\u0219or Dan, supus riscului real de a fi suspendat<\/p>\n<p>Doi judec\u0103tori CCR, Augustin Zegrean \u0219i Petre L\u0103z\u0103roiu, \u0219i un fost membru CSM, Toni Neac\u0219u, au clarificat situa\u021bia de neconstitu\u021bionalitate a pre\u0219edintelui Dan.<\/p>\n<p>Zegrean afirm\u0103 tran\u0219ant c\u0103 participarea pre\u0219edintelui \u00eentr-un clip cu tent\u0103 politic\u0103 constituie o \u00eenc\u0103lcare grav\u0103 a atribu\u021biilor sale prev\u0103zute de Constitu\u021bie.<\/p>\n<p>\u201ePre\u0219edintele trebuie s\u0103 fie independent politic, el nu face parte din niciun partid \u0219i trebuie s\u0103 fie echidistant fa\u021b\u0103 de toate partidele politice \u0219i fa\u021b\u0103 de to\u021bi competitorii electorali. Scrie clar \u00een Constitu\u021bie c\u0103 nu poate face asta, el este reprezentantul tuturor rom\u00e2nilor \u0219i mediatorul public. Nu face parte din fi\u0219a postului pre\u0219edintelui, fi\u0219a postului s\u0103u este Constitu\u021bia Rom\u00e2niei. S\u0103 citeasc\u0103 acolo ce trebuie s\u0103 fac\u0103 pentru c\u0103 asta nu are voie.\u201d<\/p>\n<p>Acesta mai precizeaz\u0103 c\u0103, de\u0219i gestul nu are implica\u021bii penale, urm\u0103rile politice pot fi extrem de serioase.<\/p>\n<p>\u201eAsta nu se pedepse\u0219te, nu avem o sanc\u021biune s\u0103-l bage la \u00eenchisoare sau s\u0103-l amendeze. Poate avea doar sanc\u021biuni politice. Fi\u021bi siguri c\u0103 cineva contabilizeaz\u0103 toate astea.\u201d<\/p>\n<p>Zegrean avertizeaz\u0103 c\u0103 Nicu\u0219or Dan poate fi suspendat pe modelul Traian B\u0103sescu, fostul pre\u0219edinte al Rom\u00e2niei, suspendat de dou\u0103 ori.<\/p>\n<p>\u201eOpozi\u021bia politic\u0103 urm\u0103re\u0219te \u0219i contabilizeaz\u0103, toate se adun\u0103 \u0219i, la un moment dat, se va umple paharul. Se poate \u00eent\u00e2mpla orice, pe pre\u0219edintele B\u0103sescu l-au suspendat de dou\u0103 ori. Se poate \u00eent\u00e2mpla \u0219i \u00een cazul lui Nicu\u0219or Dan. Ar trebui s\u0103 se ab\u021bin\u0103.\u201d, a declarat Zegrean pentru G\u00e2ndul.<\/p>\n<p>Petre L\u0103z\u0103roiu spune c\u0103 lista motivelor pentru care Nicu\u0219or Dan ar trebui suspendat dup\u0103 numai 6 luni de mandat este deja lung\u0103.<\/p>\n<p>\u201ePre\u0219edintele nu trebuie s\u0103 fie membrul niciun partid \u0219i nu trebuie s\u0103 sus\u021bin\u0103 pe nimeni. Ce face Nicu\u0219or Dan este o chestiune de sus\u021binere public\u0103, practic ajut\u0103 \u00een mod direct un candidat. Ceea ce, \u00een mod evident, nu are voie s\u0103 fac\u0103.<\/p>\n<p>Consecin\u021bele sunt multe care ar putea fi dispuse, dar nu are cine s\u0103 le adopte. Poate s\u0103 fie suspendat. Slav\u0103 Domnului, are multe pentru care poate fi suspendat, dar nu vrea nimeni s\u0103 le vad\u0103.\u201d, a declarat L\u0103z\u0103roiu.<\/p>\n<p>Adrian Toni Neac\u0219u subliniaz\u0103 ilegalitatea clipului electoral filmat cu resurse publice la Cotroceni \u0219i avertizeaz\u0103 asupra sanc\u021biunilor politice, inclusiv suspendare, similar\u0103 cazului B\u0103sescu.<\/p>\n<p>\u201eEste evident\u0103 \u00eenc\u0103lcarea neutralit\u0103\u021bii constitu\u021bionale de care trebuie s\u0103 dea dovad\u0103 pre\u0219edintele Rom\u00e2niei. Este un material electoral nelegal. Sper ca Biroul Electoral al Municipiului Bucure\u0219ti, dac\u0103 va fi sesizat, s\u0103 \u00eel analizeze \u0219i s\u0103 \u00eel \u00eenl\u0103ture. Autorit\u0103\u021bile publice nu pot pune la dispozi\u021bie resursele lor pentru materialele electorale. E interzis prin lege. Din p\u0103cate, pre\u0219edintele poate primi doar sanc\u021biuni politice: suspendarea. Juridic, clipul poate fi scos din spa\u021biul public, dar r\u0103spunderea lui este politic\u0103.\u201d, a declarat Toni Neac\u0219u.<\/p>\n<p><a href=\"https:\/\/www.realitatea.net\/stiri\/actual\/scandalos-rezistii-se-lipesc-de-nicusor-dan-din-nou-si-il-folosesc-in-campanie-cum-lau-prins-la-cotroceni-cum-siau-facut-clip-electoral_692f44815fde567d824fa773\" target=\"_blank\">Scandalos: Nicu\u0219or Dan se implic\u0103 \u00een campania electoral\u0103 de frica Anc\u0103i Alexandrescu. Un nou video \u00eel arat\u0103 cum le d\u0103 dreptate rezi\u0219tilor<\/a><\/p>\n<p>Pre\u0219edintele neag\u0103 inten\u021bia electoral\u0103, sus\u021bin\u00e2nd c\u0103 filmarea s-a f\u0103cut la recep\u021bia de Ziua Na\u021bional\u0103, \u00een spa\u021biu public, f\u0103r\u0103 \u0219tirea sa c\u0103 va fi folosit\u0103 politic.<\/p>\n<p>El minimalizeaz\u0103 incidentul, amintind de prezen\u021ba sa de ore \u00eentregi pe bulevard \u0219i la recep\u021bie, unde oricine putea filma.<\/p>\n<p>Scandalul vine dup\u0103 ce luna trecut\u0103 a negat sprijinul pentru Drul\u0103, de\u0219i a participat la lansarea candidaturii lui Drul\u0103, a ap\u0103rut pe afi\u0219e electorale \u00eempreun\u0103 cu candiatul USR la Prim\u0103ria Capitalei \u0219i s-a afi\u0219at vizibil cu el, \u00een ciuda neutralit\u0103\u021bii politice impuse de func\u021bia de \u0219ef al statului.<\/p>\n<p>\u201eAm fost la o recep\u021bie \u0219i mi-am asumat faptul c\u0103 sunt \u00een spa\u021biul public. \u00cen ziua de 1 decembrie am stat vreo trei ore pe bulevard acolo cu oamenii. Dup\u0103 aceea am stat vreo trei ore la recep\u021bie. \u00cen momentele astea, oricine a avut un telefon a putut s\u0103 fac\u0103 orice cu el. Din ziua respectiv\u0103 sunt sute de materiale care circul\u0103 pe internet\u201d, a declarat Nicu\u0219or Dan.<\/p>\n<p><a href=\"https:\/\/www.realitatea.net\/stiri\/actual\/drula-de-mana-cu-nicusor-in-campania-pentru-primarie-cum-se-catara-pe-imaginea-presedintelui-pentru-a-pune-mana-pe-capitala-pacaleala-rezistilor-cu-campanii-copiate_691975addeb29e1b3044c359\" target=\"_blank\">Drul\u0103, de m\u00e2n\u0103 cu Nicu\u0219or Dan \u00een campania pentru Prim\u0103rie. Cum se ca\u021b\u0103r\u0103 pe imaginea pre\u0219edintelui pentru a pune m\u00e2na pe Capital\u0103<\/a><\/p>","protected":false},"excerpt":{"rendered":"<p>\u00cen materialul electoral, cei doi discut\u0103 despre urbanismul bucure\u0219tean \u0219i critic\u0103 administra\u021bia PNL din sectoare,&hellip;<\/p>\n","protected":false},"author":0,"featured_media":49569,"comment_status":"open","ping_status":"open","sticky":false,"template":"","format":"standard","meta":{"footnotes":""},"categories":[2],"tags":[],"class_list":["post-49576","post","type-post","status-publish","format-standard","has-post-thumbnail","hentry","category-actual"],"_links":{"self":[{"href":"https:\/\/247stiri.ro\/index.php\/wp-json\/wp\/v2\/posts\/49576","targetHints":{"allow":["GET"]}}],"collection":[{"href":"https:\/\/247stiri.ro\/index.php\/wp-json\/wp\/v2\/posts"}],"about":[{"href":"https:\/\/247stiri.ro\/index.php\/wp-json\/wp\/v2\/types\/post"}],"replies":[{"embeddable":true,"href":"https:\/\/247stiri.ro\/index.php\/wp-json\/wp\/v2\/comments?post=49576"}],"version-history":[{"count":0,"href":"https:\/\/247stiri.ro\/index.php\/wp-json\/wp\/v2\/posts\/49576\/revisions"}],"wp:featuredmedia":[{"embeddable":true,"href":"https:\/\/247stiri.ro\/index.php\/wp-json\/wp\/v2\/media\/49569"}],"wp:attachment":[{"href":"https:\/\/247stiri.ro\/index.php\/wp-json\/wp\/v2\/media?parent=49576"}],"wp:term":[{"taxonomy":"category","embeddable":true,"href":"https:\/\/247stiri.ro\/index.php\/wp-json\/wp\/v2\/categories?post=49576"},{"taxonomy":"post_tag","embeddable":true,"href":"https:\/\/247stiri.ro\/index.php\/wp-json\/wp\/v2\/tags?post=49576"}],"curies":[{"name":"wp","href":"https:\/\/api.w.org\/{rel}","templated":true}]}}