{"id":49577,"date":"2025-12-04T12:44:52","date_gmt":"2025-12-04T12:44:52","guid":{"rendered":"https:\/\/247stiri.ro\/index.php\/2025\/12\/04\/criza-apei-din-prahova-ilie-bolojan-anunta-ca-locuitorii-afectati-ar-putea-avea-apa-mai-repede-de-luni\/"},"modified":"2025-12-04T12:44:52","modified_gmt":"2025-12-04T12:44:52","slug":"criza-apei-din-prahova-ilie-bolojan-anunta-ca-locuitorii-afectati-ar-putea-avea-apa-mai-repede-de-luni","status":"publish","type":"post","link":"https:\/\/247stiri.ro\/index.php\/2025\/12\/04\/criza-apei-din-prahova-ilie-bolojan-anunta-ca-locuitorii-afectati-ar-putea-avea-apa-mai-repede-de-luni\/","title":{"rendered":"Criza apei din Prahova. Ilie Bolojan anun\u021b\u0103 c\u0103 locuitorii afecta\u021bi ar putea avea ap\u0103 \u201emai repede de luni\u201d"},"content":{"rendered":"<p>Premierul Ilie Bolojan a abordat joi, de la Viena, subiectul crizei apei potabile din jude\u021bele D\u00e2mbovi\u021ba \u0219i Prahova, subliniind c\u0103, dincolo de pozi\u021bion\u0103rile politice, \u201eprima obliga\u0163ie a tuturor celor responsabili este s\u0103 rezolve problemele\u201d.<\/p>\n<p>Acesta a dat asigur\u0103ri c\u0103 \u201ese lucreaz\u0103 la solu\u0163ii\u201d pentru ca locuitorii afecta\u021bi, inclusiv companiile din zon\u0103, s\u0103 poat\u0103 beneficia de ap\u0103 \u201emai repede de luni\u201d.<\/p>\n<p>\u0218eful Executivului a insistat c\u0103 astfel de evenimente, care arat\u0103 \u201edefec\u0163iuni de sistem\u201d, necesit\u0103 m\u0103suri pentru a preveni repetarea lor. Bolojan a mai precizat c\u0103 \u201ecei care sunt responsabili\u201d de producerea acestor evenimente trebuie s\u0103 r\u0103spund\u0103, iar acest lucru \u201ese va \u00eent\u00e2mpla \u00een zilele urm\u0103toare\u201d.<\/p>\n<p><a href=\"https:\/\/www.realitatea.net\/stiri\/politica\/criza-apei-din-prahova-si-dambovita-ministra-rezista-a-mediului-chemata-in-parlament-sa-explice-dezastrul-audierimaraton_6931571aaec8876602123a33\" target=\"_blank\">Criza apei din Prahova \u0219i D\u00e2mbovi\u021ba. SCANDAL \u00een Parlament: rezi\u0219tii fac scut \u00een jurul ministrului Mediului. Diana Buzoianu NU s-a prezentat la audieri<\/a><\/p>\n<p>Este scandal total \u00een Parlament din cauza crizei apei de peste o or\u0103. Rezi\u0219tii fac scut \u00een jurul ministrei Buzoianu care nu s-a prezentat la audieri. Audierile din Parlament au \u00eenceput la ora 12.00, iar la finalul acestora am putea afla cine sunt vinova\u021bii \u00een tot acest scandal,\u00a0 \u00een contextul \u00een care \u00een acest moment vina este pasat\u0103 de la o institu\u021bie la alta.\u00a0<\/p>\n<p>Sunt prezen\u021bi \u00een fa\u021ba parlamentarilor pentru a da explica\u021bii mai mul\u021bi reprezentan\u021bi ai statului. Printre ace\u0219tia se num\u0103r\u0103 \u0219i reprezentan\u021bi din conducerea ANAR, directorul Administra\u021biei Bazinale (ABA) Buz\u0103u-Ialomi\u021ba, dar \u0219i de la Hidroelectrica.\u00a0<\/p>\n<p>De asemenea, erau a\u0219tepta\u021bi e s\u0103 vin\u0103 \u00een Parlament \u0219i reprezentan\u021bi ai conducerii Exploatare Zonal\u0103 Prahova (EZP) \u0219i reprezentan\u021bi ai DSP Prahova.<\/p>","protected":false},"excerpt":{"rendered":"<p>Premierul Ilie Bolojan a abordat joi, de la Viena, subiectul crizei apei potabile din jude\u021bele&hellip;<\/p>\n","protected":false},"author":0,"featured_media":49571,"comment_status":"open","ping_status":"open","sticky":false,"template":"","format":"standard","meta":{"footnotes":""},"categories":[2],"tags":[],"class_list":["post-49577","post","type-post","status-publish","format-standard","has-post-thumbnail","hentry","category-actual"],"_links":{"self":[{"href":"https:\/\/247stiri.ro\/index.php\/wp-json\/wp\/v2\/posts\/49577","targetHints":{"allow":["GET"]}}],"collection":[{"href":"https:\/\/247stiri.ro\/index.php\/wp-json\/wp\/v2\/posts"}],"about":[{"href":"https:\/\/247stiri.ro\/index.php\/wp-json\/wp\/v2\/types\/post"}],"replies":[{"embeddable":true,"href":"https:\/\/247stiri.ro\/index.php\/wp-json\/wp\/v2\/comments?post=49577"}],"version-history":[{"count":0,"href":"https:\/\/247stiri.ro\/index.php\/wp-json\/wp\/v2\/posts\/49577\/revisions"}],"wp:featuredmedia":[{"embeddable":true,"href":"https:\/\/247stiri.ro\/index.php\/wp-json\/wp\/v2\/media\/49571"}],"wp:attachment":[{"href":"https:\/\/247stiri.ro\/index.php\/wp-json\/wp\/v2\/media?parent=49577"}],"wp:term":[{"taxonomy":"category","embeddable":true,"href":"https:\/\/247stiri.ro\/index.php\/wp-json\/wp\/v2\/categories?post=49577"},{"taxonomy":"post_tag","embeddable":true,"href":"https:\/\/247stiri.ro\/index.php\/wp-json\/wp\/v2\/tags?post=49577"}],"curies":[{"name":"wp","href":"https:\/\/api.w.org\/{rel}","templated":true}]}}