{"id":49578,"date":"2025-12-04T12:44:53","date_gmt":"2025-12-04T12:44:53","guid":{"rendered":"https:\/\/247stiri.ro\/index.php\/2025\/12\/04\/incidentul-feroviar-din-caras-severin-doi-minori-retinuti-pentru-sabotarea-liniei-de-tren-au-pus-osii-pe-sine\/"},"modified":"2025-12-04T12:44:53","modified_gmt":"2025-12-04T12:44:53","slug":"incidentul-feroviar-din-caras-severin-doi-minori-retinuti-pentru-sabotarea-liniei-de-tren-au-pus-osii-pe-sine","status":"publish","type":"post","link":"https:\/\/247stiri.ro\/index.php\/2025\/12\/04\/incidentul-feroviar-din-caras-severin-doi-minori-retinuti-pentru-sabotarea-liniei-de-tren-au-pus-osii-pe-sine\/","title":{"rendered":"Incidentul feroviar din Cara\u0219-Severin. Doi minori, re\u021binu\u021bi pentru sabotarea liniei de tren: au pus osii pe \u0219ine"},"content":{"rendered":"<p>\u201d\u00cen date de 29 noiembrie 2025, la ora 19.20, poli\u0163i\u015fti de la Serviciul Jude\u0163ean Poli\u0163ie Transporturi Cara\u015f-Severin au fost sesiza\u0163i c\u0103 trenul IR 1691 care circula pe magistrala 100 din direc\u0163ia Bucure\u015fti c\u0103tre Timi\u015foara, \u00een zona sta\u0163iei CF Cru\u015fov\u0103\u0163, jud. CS, la km CF 423 + 094 ar fi lovit un obstacol (osie de c\u0103rucior) aflat pe calea ferat\u0103. \u00cen tren erau aproximativ 30 de c\u0103l\u0103tori.Trenul a sta\u0163ionat aproximativ o or\u0103 \u015fi dup\u0103 finalizarea cercet\u0103rii la fa\u0163a locului \u015fi-a continuat deplasarea. \u00cen urma evenimentului nu au fost persoane r\u0103nite\u201d, au transmis, joi, reprezentan\u021bii IPJ Cara\u015f- Severin.<\/p>\n<p>\u00cen urma investiga\u0163iilor, au fost identifica\u021bi doi minori care au pus cele dou\u0103 osii pe linia de cale ferat\u0103.<\/p>\n<p>\u201d\u00cen urma activit\u0103\u0163ilor investigative desf\u0103\u015furate de poli\u0163i\u015ftii Serviciului Jude\u0163ean de Poli\u0163ie Transporturi Cara\u015f-Severin din cadrul SRPT Timi\u015foara, au fost identifica\u0163i doi minori b\u0103nui\u0163i de amplasarea celor dou\u0103 osii metalice pe linia de cale ferat\u0103 \u00een zona sta\u0163iei CF Cru\u015fov\u0103t. Cei doi minori au fost depista\u0163i \u015fi condu\u015fi la sediul Poli\u0163iei \u00eempreun\u0103 cu reprezentan\u0163ii legali. Av\u00e2nd \u00een vedere gravitatea faptelor \u015fi riscul major generat pentru siguran\u0163a circula\u0163iei feroviare, poli\u0163i\u015ftii au dispus re\u0163inerea celor doi minori, \u00een conformitate cu procedurile prev\u0103zute de legisla\u0163ia \u00een vigoare\u201d, a mai precizat sursa citat\u0103.<\/p>\n<p>Poli\u0163i\u015ftii Serviciului Jude\u0163ean de Poli\u0163ie Transporturi Cara\u015f-Severin s-au sesizat, la r\u00e2ndul lor, din oficiu pentru s\u0103v\u00e2r\u015firea infrac\u0163iunii de ne\u00eendeplinirea \u00eendatoririlor de serviciu sau \u00eendeplinirea lor defectuoasa, din culp\u0103.<\/p>\n<p>Cercet\u0103rile \u00een acest dosar continu\u0103.<\/p>\n<p>S\u00e2mb\u0103t\u0103 sear\u0103, \u00een jude\u0163ul Cara\u015f-Severin, un tren de persoane a lovit o osie de vagonet amplasat\u0103 pe linia ferat\u0103. O a doua osie a fost g\u0103sit\u0103 \u00een zona incidentului, pe o alt\u0103 linie, dup\u0103 ce mecanicul trenului a reu\u015fit s\u0103 opreasc\u0103 garnitura feroviar\u0103.<\/p>\n<p>Directorul Agen\u0163iei de Investigare Feroviar\u0103 Rom\u00e2n\u0103 (AGIFER), Lauren\u0163iu Dumitru, afirma c\u0103 incidentul de siguran\u0163\u0103 feroviar\u0103 a avut un poten\u0163ial de pericol foarte ridicat.<\/p>","protected":false},"excerpt":{"rendered":"<p>\u201d\u00cen date de 29 noiembrie 2025, la ora 19.20, poli\u0163i\u015fti de la Serviciul Jude\u0163ean Poli\u0163ie&hellip;<\/p>\n","protected":false},"author":0,"featured_media":49579,"comment_status":"open","ping_status":"open","sticky":false,"template":"","format":"standard","meta":{"footnotes":""},"categories":[2],"tags":[],"class_list":["post-49578","post","type-post","status-publish","format-standard","has-post-thumbnail","hentry","category-actual"],"_links":{"self":[{"href":"https:\/\/247stiri.ro\/index.php\/wp-json\/wp\/v2\/posts\/49578","targetHints":{"allow":["GET"]}}],"collection":[{"href":"https:\/\/247stiri.ro\/index.php\/wp-json\/wp\/v2\/posts"}],"about":[{"href":"https:\/\/247stiri.ro\/index.php\/wp-json\/wp\/v2\/types\/post"}],"replies":[{"embeddable":true,"href":"https:\/\/247stiri.ro\/index.php\/wp-json\/wp\/v2\/comments?post=49578"}],"version-history":[{"count":0,"href":"https:\/\/247stiri.ro\/index.php\/wp-json\/wp\/v2\/posts\/49578\/revisions"}],"wp:featuredmedia":[{"embeddable":true,"href":"https:\/\/247stiri.ro\/index.php\/wp-json\/wp\/v2\/media\/49579"}],"wp:attachment":[{"href":"https:\/\/247stiri.ro\/index.php\/wp-json\/wp\/v2\/media?parent=49578"}],"wp:term":[{"taxonomy":"category","embeddable":true,"href":"https:\/\/247stiri.ro\/index.php\/wp-json\/wp\/v2\/categories?post=49578"},{"taxonomy":"post_tag","embeddable":true,"href":"https:\/\/247stiri.ro\/index.php\/wp-json\/wp\/v2\/tags?post=49578"}],"curies":[{"name":"wp","href":"https:\/\/api.w.org\/{rel}","templated":true}]}}