{"id":49587,"date":"2025-12-04T13:45:20","date_gmt":"2025-12-04T13:45:20","guid":{"rendered":"https:\/\/247stiri.ro\/index.php\/2025\/12\/04\/cercul-vicios-pensiile-speciale-din-sou-la-ccr-inalta-curte-vrea-sa-sesizeze-curtea-constitutionala\/"},"modified":"2025-12-04T13:45:20","modified_gmt":"2025-12-04T13:45:20","slug":"cercul-vicios-pensiile-speciale-din-sou-la-ccr-inalta-curte-vrea-sa-sesizeze-curtea-constitutionala","status":"publish","type":"post","link":"https:\/\/247stiri.ro\/index.php\/2025\/12\/04\/cercul-vicios-pensiile-speciale-din-sou-la-ccr-inalta-curte-vrea-sa-sesizeze-curtea-constitutionala\/","title":{"rendered":"Cercul vicios: Pensiile speciale, din sou la CCR. \u00cenalta Curte vrea s\u0103 sesizeze Curtea Constitu\u021bional\u0103"},"content":{"rendered":"<p>Judec\u0103torii \u00cenaltei Cur\u021bi de Casa\u021bie \u0219i Justi\u021bie (ICCJ) au fost convoca\u021bi \u00een Sec\u021bii Unite pe data de 05 decembrie 2025, la ora 12:00, pentru a exercita atribu\u021bia de sesizare a Cur\u021bii Constitu\u021bionale (CCR). Ordinea de zi vizeaz\u0103 solicitarea controlului de constitu\u021bionalitate, \u00eenainte de promulgare, asupra Legii pentru modificarea \u0219i completarea unor acte normative din domeniul pensiilor de serviciu (PL-x nr. 522\/2025). Convocatorul a fost semnat de pre\u0219edintele instan\u021bei supreme, judec\u0103tor Lia Savonea.<\/p>\n<p>De ce a fost legea declarat\u0103 neconstitu\u021bional\u0103 anterior?<\/p>\n<p>La precedenta sesizare, judec\u0103torii Cur\u021bii Constitu\u021bionale au declarat legea neconstitu\u021bional\u0103, \u00eens\u0103 pe motive de form\u0103.<\/p>\n<p>Problema principal\u0103 identificat\u0103 de CCR a fost lipsa avizului Consiliului Superior al Magistraturii (CSM) \u00eenainte ca proiectul s\u0103 fie adoptat prin asumarea r\u0103spunderii Guvernului.<\/p>\n<p>CCR a subliniat c\u0103, de\u0219i Guvernul a realizat o \u201econsultare informal\u0103\u201d (trimi\u021b\u00e2nd pe 29 iulie la CSM, ICCJ \u0219i Parchetul General un \u201etabel comparativ\u201d \u0219i cer\u00e2nd un punct de vedere), documenta\u021bia transmis\u0103 nu se putea constitui \u00eentr-un proiect de lege cu privire la care Plenul CSM era competent s\u0103 \u00ee\u0219i formuleze avizul.<\/p>\n<p>Magistra\u021bii CCR care s-au opus majorit\u0103\u021bii (Csaba Asztalos, Cosmin Drago\u0219 Dacian, Iuliana Sc\u00e2ntei \u0219i Elena T\u0103n\u0103sescu) au remarcat \u00eens\u0103 c\u0103 Guvernul a solicitat avizul \u0219i c\u0103, potrivit jurispruden\u021bei CCR, nu este obligatorie \u0219i ob\u021binerea unui aviz (ci doar solicitarea acestuia). Cu toate acestea, majoritatea plenului s-a pronun\u021bat pentru neconstitu\u021bionalitate pe motivul nerespect\u0103rii procedurii formale de avizare.<\/p>","protected":false},"excerpt":{"rendered":"<p>Judec\u0103torii \u00cenaltei Cur\u021bi de Casa\u021bie \u0219i Justi\u021bie (ICCJ) au fost convoca\u021bi \u00een Sec\u021bii Unite pe&hellip;<\/p>\n","protected":false},"author":0,"featured_media":49588,"comment_status":"open","ping_status":"open","sticky":false,"template":"","format":"standard","meta":{"footnotes":""},"categories":[2],"tags":[],"class_list":["post-49587","post","type-post","status-publish","format-standard","has-post-thumbnail","hentry","category-actual"],"_links":{"self":[{"href":"https:\/\/247stiri.ro\/index.php\/wp-json\/wp\/v2\/posts\/49587","targetHints":{"allow":["GET"]}}],"collection":[{"href":"https:\/\/247stiri.ro\/index.php\/wp-json\/wp\/v2\/posts"}],"about":[{"href":"https:\/\/247stiri.ro\/index.php\/wp-json\/wp\/v2\/types\/post"}],"replies":[{"embeddable":true,"href":"https:\/\/247stiri.ro\/index.php\/wp-json\/wp\/v2\/comments?post=49587"}],"version-history":[{"count":0,"href":"https:\/\/247stiri.ro\/index.php\/wp-json\/wp\/v2\/posts\/49587\/revisions"}],"wp:featuredmedia":[{"embeddable":true,"href":"https:\/\/247stiri.ro\/index.php\/wp-json\/wp\/v2\/media\/49588"}],"wp:attachment":[{"href":"https:\/\/247stiri.ro\/index.php\/wp-json\/wp\/v2\/media?parent=49587"}],"wp:term":[{"taxonomy":"category","embeddable":true,"href":"https:\/\/247stiri.ro\/index.php\/wp-json\/wp\/v2\/categories?post=49587"},{"taxonomy":"post_tag","embeddable":true,"href":"https:\/\/247stiri.ro\/index.php\/wp-json\/wp\/v2\/tags?post=49587"}],"curies":[{"name":"wp","href":"https:\/\/api.w.org\/{rel}","templated":true}]}}