{"id":49591,"date":"2025-12-04T13:45:22","date_gmt":"2025-12-04T13:45:22","guid":{"rendered":"https:\/\/247stiri.ro\/index.php\/2025\/12\/04\/incepe-implementarea-celei-mai-mari-investitii-publice-derulate-la-nivel-local-in-romania-primarul-daniel-baluta-a-semnat-ordinul-de-incepere-a-lucrarilor-de-extindere-a-magistralei-de-metrou-m4\/"},"modified":"2025-12-04T13:45:22","modified_gmt":"2025-12-04T13:45:22","slug":"incepe-implementarea-celei-mai-mari-investitii-publice-derulate-la-nivel-local-in-romania-primarul-daniel-baluta-a-semnat-ordinul-de-incepere-a-lucrarilor-de-extindere-a-magistralei-de-metrou-m4","status":"publish","type":"post","link":"https:\/\/247stiri.ro\/index.php\/2025\/12\/04\/incepe-implementarea-celei-mai-mari-investitii-publice-derulate-la-nivel-local-in-romania-primarul-daniel-baluta-a-semnat-ordinul-de-incepere-a-lucrarilor-de-extindere-a-magistralei-de-metrou-m4\/","title":{"rendered":"\u00cencepe implementarea celei mai mari investi\u021bii publice derulate la nivel local \u00een Rom\u00e2nia! Primarul Daniel B\u0103lu\u021b\u0103 a semnat ordinul de \u00eencepere a lucr\u0103rilor de extindere a magistralei de metrou M4"},"content":{"rendered":"<p>Aceast\u0103 investi\u021bie \u00een dezvoltarea infrastructurii de transport de mare capacitate este, totodat\u0103, investi\u021bia cu cea mai mare valoare dintre cele ce se implementeaz\u0103 \u00een prezent \u00een Rom\u00e2nia la nivel local \u2013 3,5 miliarde de euro (peste 17 miliarde de lei), fonduri europene nerambursabile atrase de Sectorul 4, pentru a uni nordul \u0219i sudul Capitalei printr-o magistral\u0103 modern\u0103 \u0219i continu\u0103.<\/p>\n<p>Un num\u0103r de 14 sta\u021bii noi vor fi construite pe traseul Gara de Nord \u2013 Gara Progresul, transform\u00e2nd acest culoar urban \u00een cea mai important\u0103 ax\u0103 de mobilitate a ora\u0219ului. Sta\u021biile noii magistrale sunt: Gara de Nord 2 \u2013 \u0218tirbei Vod\u0103 \u2013 Bogdan Petriceicu Ha\u0219deu \u2013 Uranus \u2013 George Rozorea \u2013 Chirigiu \u2013 Filaret \u2013 Eroii Revolu\u021biei 2 \u2013 George Bacovia \u2013 Topora\u0219i \u2013 Nicolae Cajal \u2013 Luic\u0103 \u2013 Giurgiului \u2013 Progresul. Acestea vor fi amenajate conform celor mai noi cerin\u021be privind securitatea la incendiu \u0219i vor fi adaptate pentru un acces facil al persoanelor cu dizabilit\u0103\u021bi. Totodat\u0103, vor avea sisteme de protec\u021bie a c\u0103l\u0103torilor, inclusiv panouri de sticl\u0103 \u0219i u\u0219i automate la marginea peroanelor.<\/p>\n<p>Traseul extinderii magistralei M4 se va desf\u0103\u0219ura pe o lungime de 11 kilometri \u0219i va traversa cartierele Gara de Nord, Uranus, 13 Septembrie, Giurgiului \u0219i Progresul, adic\u0103 va trece pe teritoriul sectoarelor 1, 4 \u0219i 5, precum \u0219i al comunei Jilava din jude\u021bul Ilfov.<\/p>\n<p>Aceast\u0103 investi\u021bie are \u0219i un impact direct asupra economiei Capitalei. Va genera 5.612 noi locuri de munc\u0103 \u00een etapa de construc\u021bie \u0219i 901 locuri de munc\u0103 permanente dup\u0103 finalizarea proiectului. Mai mult, noile sta\u021bii vor schimba radical mobilitatea Capitalei. Potrivit estim\u0103rilor, dup\u0103 finalizarea extinderii Magistralei 4, re\u021beaua de metrou va cre\u0219te cu aproximativ 21,87%, prin ad\u0103ugarea celor 14 sta\u021bii la cele 64 existente \u00een prezent.<\/p>\n<p>\u201eAcest proiect, pentru care am semnat ast\u0103zi ordinul de \u00eencepere a lucr\u0103rilor, este unul care schimb\u0103 viitorul mobilit\u0103\u021bii \u00een Bucure\u0219ti. Doar extinderea magistralei M4 va aduce, \u00een 2040, 58,6 milioane de c\u0103l\u0103torii suplimentare pe an. Este, poate, cel mai clar semn c\u0103 intr\u0103m \u00eentr-o etap\u0103 nou\u0103 pentru Capital\u0103. Investim 3,5 miliarde de euro \u2013 peste 17 miliarde de lei \u2013 fonduri europene nerambursabile atrase de Sectorul 4 pentru a uni nordul cu sudul ora\u0219ului printr-o magistral\u0103 modern\u0103, continu\u0103 \u0219i predictibil\u0103. Magistrala M4 este doar \u00eenceputul. Dar obiectivul meu este altul: s\u0103 schimb\u0103m complet modul \u00een care se circul\u0103 \u00een Capital\u0103. S\u0103 reducem blocajele, s\u0103 d\u0103m timp \u00eenapoi oamenilor, s\u0103 facem ora\u0219ul previzibil, sigur, respirabil. \u00cencepem acum cu lotul 1 al lucr\u0103rilor de extindere a magistralei M4 \u2013 tronsonul dintre Gara de Nord \u0219i Eroii Revolu\u021biei, iar ulterior ne vom apleca \u0219i asupra lotului 2, dintre Eroii Revolu\u021biei \u0219i Gara Progresul\u201d, a declarat Daniel B\u0103lu\u021b\u0103, \u00een cadrul unei conferin\u021be de pres\u0103 organizat\u0103 pe peronul sta\u021biei de metrou Tudor Arghezi, construit\u0103 tot de Sectorul 4.<\/p>\n<p>Primarul Sectorului 4 a precizat, de asemenea, faptul c\u0103 debutul lucr\u0103rilor nu va afecta semnificativ via\u021ba oamenilor din zonele \u00een care acest proiect va fi implementat.<\/p>\n<p>\u201eAsigur cet\u0103\u021benii c\u0103 \u00eenceperea acestor lucr\u0103ri nu \u00eenseamn\u0103 c\u0103 traficul va fi dat peste cap. \u00cempreun\u0103 cu speciali\u0219tii de la PMB \u2013 Comisia Tehnic\u0103 de Circula\u021bie, a\u0219a cum am f\u0103cut \u0219i la Plan\u0219eul Unirii, cu reprezentan\u021bi ai Brig\u0103zii Rutiere \u0219i \u00eempreun\u0103 cu distribuitorii de utilit\u0103\u021bi, \u00een care am foarte mare \u00eencredere, vom g\u0103si cele mai bune solu\u021bii pentru ca, acolo unde lucr\u0103m, traficul rutier \u0219i pietonal s\u0103 nu fie afectat\u201d, a explicat Daniel B\u0103lu\u021b\u0103.<\/p>\n<p>Prezent la conferin\u021ba de pres\u0103 de la sta\u021bia de metrou Tudor Arghezi, ministrul Transporturilor \u0219i Infrastructurii, Ciprian \u0218erban, a dat asigur\u0103ri c\u0103 Metrorex va continua s\u0103 colaboreze cu Sectorul 4 pentru implementarea acestui proiect \u0219i a altora similare.<\/p>\n<p>\u201e\u00cempreun\u0103 cu Prim\u0103ria Bucure\u0219ti, cu Prim\u0103ria Sectorului 4, vom c\u0103uta \u0219i vom g\u0103si solu\u021bii pentru a transforma traficul din Bucure\u0219ti \u00eentr-unul mai sigur \u0219i mai fluid. Avem speciali\u0219ti \u00een infrastructur\u0103 \u0219i \u00een atragerea de fonduri, care vor sus\u021bine toate proiectele de mobilitate, a\u0219a cum au f\u0103cut-o \u0219i p\u00e2n\u0103 acum. Avem un obiectiv extrem de important: interconectarea transportului din subteran, asigurat de Metrorex, cu cel de suprafa\u021b\u0103, asigurat de STB, iar pentru asta avem \u00een vedere, \u00een perioada urm\u0103toare, formarea unui grup de lucru cu cele dou\u0103 societ\u0103\u021bi\u201d, a declarat oficialul guvernamental.<\/p>","protected":false},"excerpt":{"rendered":"<p>Aceast\u0103 investi\u021bie \u00een dezvoltarea infrastructurii de transport de mare capacitate este, totodat\u0103, investi\u021bia cu cea&hellip;<\/p>\n","protected":false},"author":0,"featured_media":49585,"comment_status":"open","ping_status":"open","sticky":false,"template":"","format":"standard","meta":{"footnotes":""},"categories":[2],"tags":[],"class_list":["post-49591","post","type-post","status-publish","format-standard","has-post-thumbnail","hentry","category-actual"],"_links":{"self":[{"href":"https:\/\/247stiri.ro\/index.php\/wp-json\/wp\/v2\/posts\/49591","targetHints":{"allow":["GET"]}}],"collection":[{"href":"https:\/\/247stiri.ro\/index.php\/wp-json\/wp\/v2\/posts"}],"about":[{"href":"https:\/\/247stiri.ro\/index.php\/wp-json\/wp\/v2\/types\/post"}],"replies":[{"embeddable":true,"href":"https:\/\/247stiri.ro\/index.php\/wp-json\/wp\/v2\/comments?post=49591"}],"version-history":[{"count":0,"href":"https:\/\/247stiri.ro\/index.php\/wp-json\/wp\/v2\/posts\/49591\/revisions"}],"wp:featuredmedia":[{"embeddable":true,"href":"https:\/\/247stiri.ro\/index.php\/wp-json\/wp\/v2\/media\/49585"}],"wp:attachment":[{"href":"https:\/\/247stiri.ro\/index.php\/wp-json\/wp\/v2\/media?parent=49591"}],"wp:term":[{"taxonomy":"category","embeddable":true,"href":"https:\/\/247stiri.ro\/index.php\/wp-json\/wp\/v2\/categories?post=49591"},{"taxonomy":"post_tag","embeddable":true,"href":"https:\/\/247stiri.ro\/index.php\/wp-json\/wp\/v2\/tags?post=49591"}],"curies":[{"name":"wp","href":"https:\/\/api.w.org\/{rel}","templated":true}]}}