{"id":49595,"date":"2025-12-04T14:44:48","date_gmt":"2025-12-04T14:44:48","guid":{"rendered":"https:\/\/247stiri.ro\/index.php\/2025\/12\/04\/dezastru-la-20-de-kilometri-de-capitala-podul-de-peste-arges-de-la-budesti-s-a-prabusit-din-cauza-deversarilor-de-la-baraje\/"},"modified":"2025-12-04T14:44:48","modified_gmt":"2025-12-04T14:44:48","slug":"dezastru-la-20-de-kilometri-de-capitala-podul-de-peste-arges-de-la-budesti-s-a-prabusit-din-cauza-deversarilor-de-la-baraje","status":"publish","type":"post","link":"https:\/\/247stiri.ro\/index.php\/2025\/12\/04\/dezastru-la-20-de-kilometri-de-capitala-podul-de-peste-arges-de-la-budesti-s-a-prabusit-din-cauza-deversarilor-de-la-baraje\/","title":{"rendered":"Dezastru la 20 de kilometri de Capital\u0103: podul de peste Arge\u0219 de la Bude\u0219ti s-a pr\u0103bu\u0219it din cauza devers\u0103rilor de la baraje"},"content":{"rendered":"<p>Trei localit\u0103\u021bi sunt semnalate ca fiind grav afectate: Nitreni, Cl\u0103de\u0219ti \u0219i Criv\u0103\u021b. Locuitorii au transmis c\u0103 trecerea prin vad nu a fost inundat\u0103 din cauza debitului eliberat \u00een amonte, considerat mult prea mare, care a dus la rev\u0103rsarea apei peste drum. Ruptura podului \u00eengreuneaz\u0103 accesul \u0219i circula\u021bia c\u0103tre zonele din aval.<\/p>\n\n<p>Zona este expus\u0103 riscului de inunda\u021bii extinse, cu posibilitatea \u00eentreruperii aliment\u0103rii cu ap\u0103, scenariu similar cu situa\u021biile ap\u0103rute recent \u00een localit\u0103\u021bi din Prahova.<\/p>\n\n<p>Dup\u0103 ce sute de oameni au ramas f\u0103r\u0103 ap\u0103 potabil\u0103 \u00een jude\u021bul Prahova, acum vedem poduri rupte din cauza problemelor de la barajul Paltinu,\u00a0iar autorit\u0103\u021bile nu fac dec\u00e2t sa paseze vina de la o institu\u021bie la alta.<\/p>\n<p><a title='Apele Romane recunoaste o parte din vina si acuza lipsa de comunicare cu institutiile locale: ,,Prefectura Prahova stia de pericolul imminent de intrerupere a apei\"' href=\"https:\/\/www.realitatea.net\/stiri\/actual\/apele-romane-recunoaste-o-parte-din-vina-si-acuza-lipsa-de-comunicare-cu-institutiile-locale-prefectura-prahova-a-fost-informata-de-pericolul-imminent-de-intrerupere_6931530aa0a1414349262262\">Apele Rom\u00e2ne recunoa\u0219te o parte din vin\u0103 \u0219i acuz\u0103 lipsa de comunicare cu institu\u021biile locale: \u201ePrefectura Prahova \u0219tia de pericolul imminent de \u00eentrerupere\u00a0<\/a><\/p>","protected":false},"excerpt":{"rendered":"<p>Trei localit\u0103\u021bi sunt semnalate ca fiind grav afectate: Nitreni, Cl\u0103de\u0219ti \u0219i Criv\u0103\u021b. Locuitorii au transmis&hellip;<\/p>\n","protected":false},"author":0,"featured_media":49596,"comment_status":"open","ping_status":"open","sticky":false,"template":"","format":"standard","meta":{"footnotes":""},"categories":[2],"tags":[],"class_list":["post-49595","post","type-post","status-publish","format-standard","has-post-thumbnail","hentry","category-actual"],"_links":{"self":[{"href":"https:\/\/247stiri.ro\/index.php\/wp-json\/wp\/v2\/posts\/49595","targetHints":{"allow":["GET"]}}],"collection":[{"href":"https:\/\/247stiri.ro\/index.php\/wp-json\/wp\/v2\/posts"}],"about":[{"href":"https:\/\/247stiri.ro\/index.php\/wp-json\/wp\/v2\/types\/post"}],"replies":[{"embeddable":true,"href":"https:\/\/247stiri.ro\/index.php\/wp-json\/wp\/v2\/comments?post=49595"}],"version-history":[{"count":0,"href":"https:\/\/247stiri.ro\/index.php\/wp-json\/wp\/v2\/posts\/49595\/revisions"}],"wp:featuredmedia":[{"embeddable":true,"href":"https:\/\/247stiri.ro\/index.php\/wp-json\/wp\/v2\/media\/49596"}],"wp:attachment":[{"href":"https:\/\/247stiri.ro\/index.php\/wp-json\/wp\/v2\/media?parent=49595"}],"wp:term":[{"taxonomy":"category","embeddable":true,"href":"https:\/\/247stiri.ro\/index.php\/wp-json\/wp\/v2\/categories?post=49595"},{"taxonomy":"post_tag","embeddable":true,"href":"https:\/\/247stiri.ro\/index.php\/wp-json\/wp\/v2\/tags?post=49595"}],"curies":[{"name":"wp","href":"https:\/\/api.w.org\/{rel}","templated":true}]}}