{"id":49599,"date":"2025-12-04T14:44:50","date_gmt":"2025-12-04T14:44:50","guid":{"rendered":"https:\/\/247stiri.ro\/index.php\/2025\/12\/04\/detinut-gasit-spanzurat-in-celula-la-penitenciarul-giurgiu-ancheta-a-fost-preluata-de-procurori\/"},"modified":"2025-12-04T14:44:50","modified_gmt":"2025-12-04T14:44:50","slug":"detinut-gasit-spanzurat-in-celula-la-penitenciarul-giurgiu-ancheta-a-fost-preluata-de-procurori","status":"publish","type":"post","link":"https:\/\/247stiri.ro\/index.php\/2025\/12\/04\/detinut-gasit-spanzurat-in-celula-la-penitenciarul-giurgiu-ancheta-a-fost-preluata-de-procurori\/","title":{"rendered":"De\u021binut g\u0103sit sp\u00e2nzurat \u00een celul\u0103 la Penitenciarul Giurgiu. Ancheta a fost preluat\u0103 de procurori"},"content":{"rendered":"<p>Cum s-a produs tragedia?<\/p>\n<p>Potrivit administra\u021biei penitenciarului, angaja\u021bii care distribuiau masa de pr\u00e2nz au observat de\u021binutul \u00een stare de incon\u0219tien\u021b\u0103, cu un \u0219nur improvizat fixat de grilajul u\u0219ii \u0219i \u00eenf\u0103\u0219urat \u00een jurul g\u00e2tului. Personalul a alertat imediat echipa medical\u0103 intern\u0103 \u0219i a solicitat interven\u021bia unui echipaj de urgen\u021b\u0103 prin apel la 112, arat\u0103 Breaking News Giurgiu.<\/p>\n<p><a href=\"https:\/\/www.realitatea.net\/stiri\/actual\/moarte-suspecta-in-alba-un-barbat-a-fost-gasit-spanzurat-de-grilajul-unei-usi-ce-ipoteze-iau-in-calcul-politistii_6927edd60410df629d6eea42\" target=\"_blank\">Cadrele medicale<\/a> au \u00eenceput manevrele de resuscitare chiar \u00een celul\u0103 \u0219i au continuat procedurile timp de aproximativ o or\u0103. Cu toate eforturile depuse, la ora 12:35 a fost declarat decesul b\u0103rbatului.<\/p>\n<p>Reprezentan\u021bii \u00eenchisorii au anun\u021bat familia de\u021binutului, judec\u0103torul responsabil cu supravegherea priv\u0103rii de libertate, precum \u0219i Poli\u021bia Municipiului Giurgiu, <a href=\"https:\/\/www.realitatea.net\/stiri\/actual\/descoperire-socanta-in-timisoara-tanar-de-25-de-ani-dat-disparut-de-cateva-zile-gasit-spanzurat-de-creanga-unui-copac_691e2f16a828a4356136c0c2\" target=\"_blank\">conform procedurilor legale.<\/a><\/p>\n<p>B\u0103rbatul era condamnat la 10 ani \u0219i 4 luni de deten\u021bie, dintre care executase peste patru ani. Circumstan\u021bele exacte ale tragediei urmeaz\u0103 s\u0103 fie stabilite de procurorii Parchetului de pe l\u00e2ng\u0103 Tribunalul Giurgiu, care au preluat ancheta.<\/p>","protected":false},"excerpt":{"rendered":"<p>Cum s-a produs tragedia? Potrivit administra\u021biei penitenciarului, angaja\u021bii care distribuiau masa de pr\u00e2nz au observat&hellip;<\/p>\n","protected":false},"author":0,"featured_media":49600,"comment_status":"open","ping_status":"open","sticky":false,"template":"","format":"standard","meta":{"footnotes":""},"categories":[2],"tags":[],"class_list":["post-49599","post","type-post","status-publish","format-standard","has-post-thumbnail","hentry","category-actual"],"_links":{"self":[{"href":"https:\/\/247stiri.ro\/index.php\/wp-json\/wp\/v2\/posts\/49599","targetHints":{"allow":["GET"]}}],"collection":[{"href":"https:\/\/247stiri.ro\/index.php\/wp-json\/wp\/v2\/posts"}],"about":[{"href":"https:\/\/247stiri.ro\/index.php\/wp-json\/wp\/v2\/types\/post"}],"replies":[{"embeddable":true,"href":"https:\/\/247stiri.ro\/index.php\/wp-json\/wp\/v2\/comments?post=49599"}],"version-history":[{"count":0,"href":"https:\/\/247stiri.ro\/index.php\/wp-json\/wp\/v2\/posts\/49599\/revisions"}],"wp:featuredmedia":[{"embeddable":true,"href":"https:\/\/247stiri.ro\/index.php\/wp-json\/wp\/v2\/media\/49600"}],"wp:attachment":[{"href":"https:\/\/247stiri.ro\/index.php\/wp-json\/wp\/v2\/media?parent=49599"}],"wp:term":[{"taxonomy":"category","embeddable":true,"href":"https:\/\/247stiri.ro\/index.php\/wp-json\/wp\/v2\/categories?post=49599"},{"taxonomy":"post_tag","embeddable":true,"href":"https:\/\/247stiri.ro\/index.php\/wp-json\/wp\/v2\/tags?post=49599"}],"curies":[{"name":"wp","href":"https:\/\/api.w.org\/{rel}","templated":true}]}}