{"id":49601,"date":"2025-12-04T14:44:51","date_gmt":"2025-12-04T14:44:51","guid":{"rendered":"https:\/\/247stiri.ro\/index.php\/2025\/12\/04\/halucinant-diana-buzoianu-s-a-dus-la-barajul-paltinu-cu-camera-si-microfon-nu-sa-discute-cu-specialistii-si-sinistratii\/"},"modified":"2025-12-04T14:44:51","modified_gmt":"2025-12-04T14:44:51","slug":"halucinant-diana-buzoianu-s-a-dus-la-barajul-paltinu-cu-camera-si-microfon-nu-sa-discute-cu-specialistii-si-sinistratii","status":"publish","type":"post","link":"https:\/\/247stiri.ro\/index.php\/2025\/12\/04\/halucinant-diana-buzoianu-s-a-dus-la-barajul-paltinu-cu-camera-si-microfon-nu-sa-discute-cu-specialistii-si-sinistratii\/","title":{"rendered":"Halucinant! Diana Buzoianu s-a dus la Barajul Paltinu cu camer\u0103 \u0219i microfon. Nu s\u0103 discute cu speciali\u0219tii \u0219i sinistra\u021bii"},"content":{"rendered":"<p>Dup\u0103 ce a sinistrat jude\u021bele Prahova \u0219i D\u00e2mbovi\u021ba, Diana de la Mediu \u0219i-a luat cameramanul \u0219i microfonul \u0219i s-a dus la Barajul Paltinul, care oricum este golit, deci nu este \u00een func\u021biune. Asta \u00een loc s\u0103 fac\u0103 drumuri \u0219i s\u0103 discute cu speciali\u0219tii ce se poate rezolva cu cei peste 100.000 de oameni care beau ap\u0103 de la stat \u0219i se spal\u0103 prin jude\u021bele vecine.<\/p>\n<p><a href=\"https:\/\/www.realitatea.net\/stiri\/actual\/diana-buzoianu-ministra-rezist-de-la-mediu-va-fi-demisa-saptamana-viitoare-surse_693181996425a2178a792cd2\" target=\"_blank\">Diana Buzoianu, ministra rezist de la Mediu, va fi demis\u0103 s\u0103pt\u0103m\u00e2na viitoare &#8211; SURSE<\/a>Potrivit surselor Realitatea PLUS, ministrul Mediului, Diana Buzoianu, va fi schimbat\u0103 din func\u021bie s\u0103pt\u0103m\u00e2na viitoare.\u00a0Ar fi a doua demitere din guvernul Bolojan, dup\u0103 cea de s\u0103pt\u0103m\u00e2na trecut\u0103 a ministrului Ap\u0103r\u0103rii, Ionu\u021b Mo\u0219teanu.<\/p>\n<p>\u201eEste \u00een mod cert o vin\u0103 foarte mare a ministrului \u0219i a oamenilor pe care domnia sa fie i-a men\u021binut, fie i-a numit \u00een func\u021bii, \u0219i trebuie f\u0103cut acolo o anchet\u0103 foarte serioas\u0103, dar nu \u00een ceea ce prive\u0219te vinov\u0103\u021bia doamnei ministru. La ceea ce s-a pus \u00een discu\u021bie, domnul Zamfir chiar a fost bun, f\u0103r\u0103 niciun fel de dubiu, r\u0103spunderea politic\u0103 apar\u021bine acestui ministru.<\/p>\n<p>Mai mult dec\u00e2t at\u00e2t, doamna Buzoianu nu trebuie s\u0103 plece doar pentru acest incident, d\u00e2nsa nu avea ce s\u0103 caute acolo, este un avocata\u0219 cu un an vechime, care nu are habar de domeniile pe care le gestioneaz\u0103. Eu nu mi-a\u0219 fi asumat o asemenea r\u0103spundere, cu vechime de 25 de ani, acolo sunt \u00een joc vie\u021bile unor oameni, sunt bazine, sunt p\u0103duri de gestionat, au pus ni\u0219te habarni\u0219ti \u0219i la Apele Rom\u00e2ne \u0219i prin tot felul de func\u021bii.<\/p>\n<p>Singurul domn care cunoa\u0219te este acel director de la ESZ \u0219i care chiar pare c\u0103 are habar de domeniul pe care \u00eel gestioneaz\u0103, \u00een rest to\u021bi cei care vorbesc sunt ni\u0219te habarni\u0219ti, pentru c\u0103 USR sunt un partid de oameni care doar dau din gur\u0103, care nu au niciun fel de specializare, care nu au avut nicio meserie toat\u0103 via\u021ba lor, au f\u0103cut ONG-isme \u0219i au urlat c\u0103 aia nu fac bine, PSD-ul nu e bun.<\/p>\n<p>PSD-ul s-a al\u0103turat acestor ONG-isme \u0219i gre\u0219e\u0219te \u00een ceea ce face, pentru c\u0103 a avut buni profesioni\u0219ti \u0219i i-a aruncat la gunoi. \u00cen mod cert Diana Buzoianu trebuie s\u0103 plece, ca r\u0103spundere politic\u0103 \u0219i ulterior trebuie c\u0103utate \u0219i responsabilit\u0103\u021bi juridice.\u201d, a declarat Ingrid Mocanu la Realitatea PLUS.<\/p>\n<p>Contextul demiterii Dianei Buzoianu<\/p>\n<p>Criza de ap\u0103 potabil\u0103 a \u00eenceput la sf\u00e2r\u0219itul lunii noiembrie 2025, c\u00e2nd localit\u0103\u021bi importante din Prahova au r\u0103mas f\u0103r\u0103 ap\u0103 potabil\u0103 din cauza golirii lacului Paltinu. Diana Buzoianu a fost acuzat\u0103 c\u0103 a min\u021bit public privind inform\u0103rile primite \u0219i c\u0103 a ignorat avertismentele speciali\u0219tilor, cer\u00e2nd reluarea furniz\u0103rii apei potabile \u00een condi\u021bii nesigure, ceea ce a fost interpretat ca un abuz \u00een serviciu \u0219i o decizie cu poten\u021bial efect grav asupra s\u0103n\u0103t\u0103\u021bii publice.\u200b<\/p>\n<p>PSD a cerut oficial demiterea ministrei, iar senatorii AUR au solicitat \u00eenl\u0103turarea sa rapid\u0103 din func\u021bie, indic\u00e2nd \u0219i posibilitatea unor anchete penale. Critici dure au venit \u0219i dinspre fostul ministru al Energiei, dar \u0219i din partea unor sindicate din Apele Rom\u00e2ne. Diana Buzoianu a refuzat ini\u021bial s\u0103 demisioneze \u0219i a respins acuza\u021biile, \u00eens\u0103 presiunea politic\u0103 \u0219i gestionarea defectuoas\u0103 a situa\u021biei au condus la decizia demiterii ei anun\u021bat\u0103 pentru s\u0103pt\u0103m\u00e2na aceasta.\u200b<\/p>\n<p>Florin Ghi\u021b\u0103, \u0219eful de la Apele Rom\u00e2ne a fost de asemenea pus sub accuzare pentru contribu\u021bia la aceast\u0103 criz\u0103, fiind numit \u00een func\u021bie chiar de Diana Buzoianu, iar raportul Corpului de Control al ministerului este a\u0219teptat pentru o prim\u0103 evaluare oficial\u0103 la \u00eenceputul lunii decembrie 2025.<\/p>","protected":false},"excerpt":{"rendered":"<p>Dup\u0103 ce a sinistrat jude\u021bele Prahova \u0219i D\u00e2mbovi\u021ba, Diana de la Mediu \u0219i-a luat cameramanul&hellip;<\/p>\n","protected":false},"author":0,"featured_media":49594,"comment_status":"open","ping_status":"open","sticky":false,"template":"","format":"standard","meta":{"footnotes":""},"categories":[2],"tags":[],"class_list":["post-49601","post","type-post","status-publish","format-standard","has-post-thumbnail","hentry","category-actual"],"_links":{"self":[{"href":"https:\/\/247stiri.ro\/index.php\/wp-json\/wp\/v2\/posts\/49601","targetHints":{"allow":["GET"]}}],"collection":[{"href":"https:\/\/247stiri.ro\/index.php\/wp-json\/wp\/v2\/posts"}],"about":[{"href":"https:\/\/247stiri.ro\/index.php\/wp-json\/wp\/v2\/types\/post"}],"replies":[{"embeddable":true,"href":"https:\/\/247stiri.ro\/index.php\/wp-json\/wp\/v2\/comments?post=49601"}],"version-history":[{"count":0,"href":"https:\/\/247stiri.ro\/index.php\/wp-json\/wp\/v2\/posts\/49601\/revisions"}],"wp:featuredmedia":[{"embeddable":true,"href":"https:\/\/247stiri.ro\/index.php\/wp-json\/wp\/v2\/media\/49594"}],"wp:attachment":[{"href":"https:\/\/247stiri.ro\/index.php\/wp-json\/wp\/v2\/media?parent=49601"}],"wp:term":[{"taxonomy":"category","embeddable":true,"href":"https:\/\/247stiri.ro\/index.php\/wp-json\/wp\/v2\/categories?post=49601"},{"taxonomy":"post_tag","embeddable":true,"href":"https:\/\/247stiri.ro\/index.php\/wp-json\/wp\/v2\/tags?post=49601"}],"curies":[{"name":"wp","href":"https:\/\/api.w.org\/{rel}","templated":true}]}}