{"id":49705,"date":"2025-12-05T06:45:12","date_gmt":"2025-12-05T06:45:12","guid":{"rendered":"https:\/\/247stiri.ro\/index.php\/2025\/12\/05\/tragedie-in-pasajul-unirii-un-pieton-de-50-de-ani-a-fost-ucis-de-un-tanar-motociclist-de-23-de-ani\/"},"modified":"2025-12-05T06:45:12","modified_gmt":"2025-12-05T06:45:12","slug":"tragedie-in-pasajul-unirii-un-pieton-de-50-de-ani-a-fost-ucis-de-un-tanar-motociclist-de-23-de-ani","status":"publish","type":"post","link":"https:\/\/247stiri.ro\/index.php\/2025\/12\/05\/tragedie-in-pasajul-unirii-un-pieton-de-50-de-ani-a-fost-ucis-de-un-tanar-motociclist-de-23-de-ani\/","title":{"rendered":"Tragedie \u00een Pasajul Unirii. Un pieton de 50 de ani a fost ucis de un t\u00e2n\u0103r motociclist de 23 de ani"},"content":{"rendered":"<p>T\u00e2n\u0103rul de 23 de ani care conducea motocicleta pe Bulevardul I. C. Br\u0103tianu, \u00een direc\u021bia spre Bulevardul Dimitrie Cantemir, l-a surprins pe pieton \u00een timp ce acesta traversa strada.\u200b<\/p>\n<p>Echipajele medicale ajunse la fa\u021ba locului au efectuat manevre de resuscitare, dar medicii au declarat decesul victimei. Conduc\u0103torul motocicletei a fost testat cu etilotestul, rezultatul fiind zero, iar ulterior a fost transportat la spital pentru \u00eengrijiri medicale, unde i s-au recoltat probe biologice.\u200b<\/p>\n<p>\u201e\u00cen urma\u00a0accidentului de circula\u021bie, s-a intervenit pentru aplicarea manevrelor de resuscitare asupra pietonului, \u00eens\u0103 din nefericire medicii au declarat decesul acestuia. Conduc\u0103torul auto a fost testat cu aparatul Alcooltest, rezultatul indicat fiind &lt;zero&gt;. Ulterior, a fost transportat la spital pentru acordarea ingrijirilor medicale, ocazie cu care i-au fost recoltate si probe biologice\u201d,\u00a0a transmis Brigada Rutier\u0103.<\/p>\n<p>Poli\u021bi\u0219tii Brig\u0103zii Rutiere continu\u0103 cercet\u0103rile pentru a stabili exact circumstan\u021bele producerii accidentului. Din cauza tragediei, Pasajul Unirii a fost \u00eenchis pe sensul dinspre Universitate spre Tineretului timp de c\u00e2teva ore, iar mai mul\u021bi \u0219oferi au raportat oprirea complet\u0103 a circula\u021biei.<\/p>","protected":false},"excerpt":{"rendered":"<p>T\u00e2n\u0103rul de 23 de ani care conducea motocicleta pe Bulevardul I. C. Br\u0103tianu, \u00een direc\u021bia&hellip;<\/p>\n","protected":false},"author":0,"featured_media":49706,"comment_status":"open","ping_status":"open","sticky":false,"template":"","format":"standard","meta":{"footnotes":""},"categories":[2],"tags":[],"class_list":["post-49705","post","type-post","status-publish","format-standard","has-post-thumbnail","hentry","category-actual"],"_links":{"self":[{"href":"https:\/\/247stiri.ro\/index.php\/wp-json\/wp\/v2\/posts\/49705","targetHints":{"allow":["GET"]}}],"collection":[{"href":"https:\/\/247stiri.ro\/index.php\/wp-json\/wp\/v2\/posts"}],"about":[{"href":"https:\/\/247stiri.ro\/index.php\/wp-json\/wp\/v2\/types\/post"}],"replies":[{"embeddable":true,"href":"https:\/\/247stiri.ro\/index.php\/wp-json\/wp\/v2\/comments?post=49705"}],"version-history":[{"count":0,"href":"https:\/\/247stiri.ro\/index.php\/wp-json\/wp\/v2\/posts\/49705\/revisions"}],"wp:featuredmedia":[{"embeddable":true,"href":"https:\/\/247stiri.ro\/index.php\/wp-json\/wp\/v2\/media\/49706"}],"wp:attachment":[{"href":"https:\/\/247stiri.ro\/index.php\/wp-json\/wp\/v2\/media?parent=49705"}],"wp:term":[{"taxonomy":"category","embeddable":true,"href":"https:\/\/247stiri.ro\/index.php\/wp-json\/wp\/v2\/categories?post=49705"},{"taxonomy":"post_tag","embeddable":true,"href":"https:\/\/247stiri.ro\/index.php\/wp-json\/wp\/v2\/tags?post=49705"}],"curies":[{"name":"wp","href":"https:\/\/api.w.org\/{rel}","templated":true}]}}