{"id":49732,"date":"2025-12-05T07:45:04","date_gmt":"2025-12-05T07:45:04","guid":{"rendered":"https:\/\/247stiri.ro\/index.php\/2025\/12\/05\/iarna-blanda-in-romania-valori-termice-peste-normal-cum-vor-arata-primele-zile-din-ianuarie\/"},"modified":"2025-12-05T07:45:04","modified_gmt":"2025-12-05T07:45:04","slug":"iarna-blanda-in-romania-valori-termice-peste-normal-cum-vor-arata-primele-zile-din-ianuarie","status":"publish","type":"post","link":"https:\/\/247stiri.ro\/index.php\/2025\/12\/05\/iarna-blanda-in-romania-valori-termice-peste-normal-cum-vor-arata-primele-zile-din-ianuarie\/","title":{"rendered":"Iarn\u0103 bl\u00e2nd\u0103 \u00een Rom\u00e2nia: valori termice peste normal. Cum vor ar\u0103ta primele zile din ianuarie"},"content":{"rendered":"<p>S\u0103pt\u0103m\u00e2na 08.12.2025 \u2013 15.12.2025<\/p>\n<p>Valorile termice vor fi mai ridicate dec\u00e2t cele specifice pentru aceast\u0103 s\u0103pt\u0103m\u00e2n\u0103 \u00een toat\u0103 \u0163ara, dar mai ales \u00een regiunile vestice, nordice \u015fi centrale.<\/p>\n<p>Regimul pluviometric va fi deficitar la nivelul \u00eentregii \u0163\u0103ri.<\/p>\n<p>S\u0103pt\u0103m\u00e2na 15.12.2025 \u2013 22.12.2025<\/p>\n<p>Temperaturile medii vor fi mai ridicate dec\u00e2t cele normale pentru acest interval \u00een toate regiunile.<\/p>\n<p>Regimul pluviometric va fi deficitar \u00een toat\u0103 \u0163ara.<\/p>\n<p>S\u0103pt\u0103m\u00e2na 22.12.2025 \u2013 29.12.2025<\/p>\n<p>Temperatura medie a aerului va avea valori mai ridicate dec\u00e2t cele normale pentru aceast\u0103 s\u0103pt\u0103m\u00e2n\u0103 \u00een toate regiunile.<\/p>\n<p>Regimul pluviometric va avea o tendin\u0163\u0103 deficitar\u0103 \u00een cea mai mare parte a \u0163\u0103rii.<\/p>\n<p>S\u0103pt\u0103m\u00e2na 29.12.2025 \u2013 05.01.2026<\/p>\n<p>Mediile valorilor termice se vor situa peste cele specifice pentru acest interval, pe \u00eentreg teritoriul Rom\u00e2niei.<\/p>\n<p>Cantit\u0103\u0163ile de precipita\u0163ii vor fi \u00een general apropiate de cele normale pentru aceast\u0103 perioad\u0103 \u00een majoritatea regiunilor, cu o tendin\u0163\u0103 u\u015for deficitar\u0103 \u00een nord-vestul \u0163\u0103rii.<\/p>","protected":false},"excerpt":{"rendered":"<p>S\u0103pt\u0103m\u00e2na 08.12.2025 \u2013 15.12.2025 Valorile termice vor fi mai ridicate dec\u00e2t cele specifice pentru aceast\u0103&hellip;<\/p>\n","protected":false},"author":0,"featured_media":49733,"comment_status":"open","ping_status":"open","sticky":false,"template":"","format":"standard","meta":{"footnotes":""},"categories":[2],"tags":[],"class_list":["post-49732","post","type-post","status-publish","format-standard","has-post-thumbnail","hentry","category-actual"],"_links":{"self":[{"href":"https:\/\/247stiri.ro\/index.php\/wp-json\/wp\/v2\/posts\/49732","targetHints":{"allow":["GET"]}}],"collection":[{"href":"https:\/\/247stiri.ro\/index.php\/wp-json\/wp\/v2\/posts"}],"about":[{"href":"https:\/\/247stiri.ro\/index.php\/wp-json\/wp\/v2\/types\/post"}],"replies":[{"embeddable":true,"href":"https:\/\/247stiri.ro\/index.php\/wp-json\/wp\/v2\/comments?post=49732"}],"version-history":[{"count":0,"href":"https:\/\/247stiri.ro\/index.php\/wp-json\/wp\/v2\/posts\/49732\/revisions"}],"wp:featuredmedia":[{"embeddable":true,"href":"https:\/\/247stiri.ro\/index.php\/wp-json\/wp\/v2\/media\/49733"}],"wp:attachment":[{"href":"https:\/\/247stiri.ro\/index.php\/wp-json\/wp\/v2\/media?parent=49732"}],"wp:term":[{"taxonomy":"category","embeddable":true,"href":"https:\/\/247stiri.ro\/index.php\/wp-json\/wp\/v2\/categories?post=49732"},{"taxonomy":"post_tag","embeddable":true,"href":"https:\/\/247stiri.ro\/index.php\/wp-json\/wp\/v2\/tags?post=49732"}],"curies":[{"name":"wp","href":"https:\/\/api.w.org\/{rel}","templated":true}]}}