{"id":49747,"date":"2025-12-05T08:45:21","date_gmt":"2025-12-05T08:45:21","guid":{"rendered":"https:\/\/247stiri.ro\/index.php\/2025\/12\/05\/anca-alexandrescu-amenintata-cu-moartea-de-un-militar-am-depus-plangere-la-politie\/"},"modified":"2025-12-05T08:45:21","modified_gmt":"2025-12-05T08:45:21","slug":"anca-alexandrescu-amenintata-cu-moartea-de-un-militar-am-depus-plangere-la-politie","status":"publish","type":"post","link":"https:\/\/247stiri.ro\/index.php\/2025\/12\/05\/anca-alexandrescu-amenintata-cu-moartea-de-un-militar-am-depus-plangere-la-politie\/","title":{"rendered":"Anca Alexandrescu, amenin\u021bat\u0103 cu MOARTEA de un militar: &#8222;Am depus pl\u00e2ngere la Poli\u021bie&#8221;"},"content":{"rendered":"<p>&#8222;Am f\u0103cut o pl\u00e2ngere la poli\u021bie \u00eempotriva unui cet\u0103\u021bean care m-a amenin\u021bat pe pagina de socializare. Nu pot s\u0103 reproduc integral tot ce a scris, dar mi-a spus c\u0103 abia a\u0219teapt\u0103 s\u0103 fac\u0103 ceva pe morm\u00e2ntul mei \u0219i s\u0103-mi \u00eenfig\u0103 lum\u00e2n\u0103rile \u00een morm\u00e2nt.\u00a0<\/p>\n<p>Este un domn\u00a0 care poart\u0103 uniform\u0103 militar\u0103, care poart\u0103 arm\u0103. \u00cen\u021beleg din fotografii c\u0103 lucreaz\u0103 \u00een Armat\u0103. Am f\u0103cut pl\u00e2ngere la Poli\u021bie \u0219i sper ca autorit\u0103\u021bile s\u0103 \u00ee\u0219i fac\u0103 treaba.\u00a0<\/p>\n<p>\u00cei las\u0103 nervii pe to\u021bi, \u00eencep s\u0103 jigneasc\u0103 \u00een st\u00e2nga \u0219i \u00een dreapta, s\u0103 jigneasc\u0103 cet\u0103\u021benii, s\u0103 se jigneasc\u0103 \u00eentre ei, s\u0103 m\u0103 jigneasc\u0103 pe mine. Eu nu m\u0103 ocup cu lucrurile acestea. Eu sunt toat\u0103 ziua \u00een mijlocul oamenilor. Noi lucr\u0103m la proiecte \u00een fiecare zi pentru c\u0103 eu vreau s\u0103 transform ora\u0219ul \u0103sta \u00eentr-un ora\u0219 \u00een care bucure\u0219tenii s\u0103 poat\u0103 s\u0103 tr\u0103iasc\u0103 \u0219i s\u0103-\u0219i permit\u0103 s\u0103 tr\u0103iasc\u0103&#8221;, a declarat Anca Alexandrescu.\u00a0<\/p>","protected":false},"excerpt":{"rendered":"<p>&#8222;Am f\u0103cut o pl\u00e2ngere la poli\u021bie \u00eempotriva unui cet\u0103\u021bean care m-a amenin\u021bat pe pagina de&hellip;<\/p>\n","protected":false},"author":0,"featured_media":49748,"comment_status":"open","ping_status":"open","sticky":false,"template":"","format":"standard","meta":{"footnotes":""},"categories":[3],"tags":[],"class_list":["post-49747","post","type-post","status-publish","format-standard","has-post-thumbnail","hentry","category-politica"],"_links":{"self":[{"href":"https:\/\/247stiri.ro\/index.php\/wp-json\/wp\/v2\/posts\/49747","targetHints":{"allow":["GET"]}}],"collection":[{"href":"https:\/\/247stiri.ro\/index.php\/wp-json\/wp\/v2\/posts"}],"about":[{"href":"https:\/\/247stiri.ro\/index.php\/wp-json\/wp\/v2\/types\/post"}],"replies":[{"embeddable":true,"href":"https:\/\/247stiri.ro\/index.php\/wp-json\/wp\/v2\/comments?post=49747"}],"version-history":[{"count":0,"href":"https:\/\/247stiri.ro\/index.php\/wp-json\/wp\/v2\/posts\/49747\/revisions"}],"wp:featuredmedia":[{"embeddable":true,"href":"https:\/\/247stiri.ro\/index.php\/wp-json\/wp\/v2\/media\/49748"}],"wp:attachment":[{"href":"https:\/\/247stiri.ro\/index.php\/wp-json\/wp\/v2\/media?parent=49747"}],"wp:term":[{"taxonomy":"category","embeddable":true,"href":"https:\/\/247stiri.ro\/index.php\/wp-json\/wp\/v2\/categories?post=49747"},{"taxonomy":"post_tag","embeddable":true,"href":"https:\/\/247stiri.ro\/index.php\/wp-json\/wp\/v2\/tags?post=49747"}],"curies":[{"name":"wp","href":"https:\/\/api.w.org\/{rel}","templated":true}]}}