{"id":49749,"date":"2025-12-05T08:45:22","date_gmt":"2025-12-05T08:45:22","guid":{"rendered":"https:\/\/247stiri.ro\/index.php\/2025\/12\/05\/cod-galben-de-vant-puternic-rafale-de-pana-la-110-km-h-in-zonele-montane-hartile-cu-zonele-vizate\/"},"modified":"2025-12-05T08:45:22","modified_gmt":"2025-12-05T08:45:22","slug":"cod-galben-de-vant-puternic-rafale-de-pana-la-110-km-h-in-zonele-montane-hartile-cu-zonele-vizate","status":"publish","type":"post","link":"https:\/\/247stiri.ro\/index.php\/2025\/12\/05\/cod-galben-de-vant-puternic-rafale-de-pana-la-110-km-h-in-zonele-montane-hartile-cu-zonele-vizate\/","title":{"rendered":"Cod galben de v\u00e2nt puternic: rafale de p\u00e2n\u0103 la 110 km\/h, \u00een zonele montane &#8211; H\u0102R\u021aILE cu zonele vizate"},"content":{"rendered":"<p>Potivit ANM, \u00een perioada 5 decembrie, ora 10 \u2013 6 decembrie, ora 22, v\u00e2ntul va sufla cu putere \u00een cea mai mare parte a \u0163\u0103rii.<\/p>\n<p>\u201dV\u00e2ntul va avea intensific\u0103ri vineri (5 decembrie) \u00een sud, centru \u015fi est, iar s\u00e2mb\u0103t\u0103 (6 decembrie) \u00een sudul \u015fi sud-estul teritoriului. Vor fi viteze \u00een general de 45&#8230;50 km\/h, iar la munte, \u00een special \u00een zona \u00eenalt\u0103, rafalele vor fi de peste 60&#8230;80 km\/h\u201d, anun\u0163\u0103 ANM.<\/p>\n<p>A fost emis\u0103 o avertizare cod galben pentru perioada 5 decembrie, ora 10 \u2013 5 decembrie, ora 23.<\/p>\n<p>\u201dV\u00e2ntul va avea intensific\u0103ri \u00een Oltenia, Muntenia, Dobrogea \u015fi sudul Banatului, cu viteze de 50&#8230;70 km\/h. \u00cen Mun\u0163ii Banatului \u015fi local \u00een zona \u00eenalt\u0103 din vestul Carpa\u0163ilor Meridionali rafalele vor dep\u0103\u015fi temporar 80&#8230;110 km\/h\u201d, anun\u0163\u0103 meteorologii.<\/p>\n<p>Ace\u015ftia au emis o alt\u0103 avertizazre cod galben pentru intervalul 5 decembrie, ora 23 \u2013 6 decembrie, ora 08.<\/p>\n<p>\u00a0<\/p>\n\n<p>\u00a0<\/p>\n<p>\u201dTemporar, v\u00e2ntul va avea intensific\u0103ri \u00een Dobrogea, Muntenia, sudul \u015fi vestul Olteniei, cu viteze de 50&#8230;65 km\/h\u201d, au precizat meteorologii.<\/p>\n<p>\u00a0<\/p>\n\n<p>De asemenea, este cod galben, \u00een intervalul 6 decembrie, ora 08 \u2013 6 decembrie, ora 20, \u00een Dobrogea, sudul, centrul \u015fi estul Munteniei<\/p>\n<p>\u201dTemporar, v\u00e2ntul va avea intensific\u0103ri cu viteze de 50&#8230;65 km\/h\u201d, precizeaz\u0103 ANM.<\/p>","protected":false},"excerpt":{"rendered":"<p>Potivit ANM, \u00een perioada 5 decembrie, ora 10 \u2013 6 decembrie, ora 22, v\u00e2ntul va&hellip;<\/p>\n","protected":false},"author":0,"featured_media":49750,"comment_status":"open","ping_status":"open","sticky":false,"template":"","format":"standard","meta":{"footnotes":""},"categories":[2],"tags":[],"class_list":["post-49749","post","type-post","status-publish","format-standard","has-post-thumbnail","hentry","category-actual"],"_links":{"self":[{"href":"https:\/\/247stiri.ro\/index.php\/wp-json\/wp\/v2\/posts\/49749","targetHints":{"allow":["GET"]}}],"collection":[{"href":"https:\/\/247stiri.ro\/index.php\/wp-json\/wp\/v2\/posts"}],"about":[{"href":"https:\/\/247stiri.ro\/index.php\/wp-json\/wp\/v2\/types\/post"}],"replies":[{"embeddable":true,"href":"https:\/\/247stiri.ro\/index.php\/wp-json\/wp\/v2\/comments?post=49749"}],"version-history":[{"count":0,"href":"https:\/\/247stiri.ro\/index.php\/wp-json\/wp\/v2\/posts\/49749\/revisions"}],"wp:featuredmedia":[{"embeddable":true,"href":"https:\/\/247stiri.ro\/index.php\/wp-json\/wp\/v2\/media\/49750"}],"wp:attachment":[{"href":"https:\/\/247stiri.ro\/index.php\/wp-json\/wp\/v2\/media?parent=49749"}],"wp:term":[{"taxonomy":"category","embeddable":true,"href":"https:\/\/247stiri.ro\/index.php\/wp-json\/wp\/v2\/categories?post=49749"},{"taxonomy":"post_tag","embeddable":true,"href":"https:\/\/247stiri.ro\/index.php\/wp-json\/wp\/v2\/tags?post=49749"}],"curies":[{"name":"wp","href":"https:\/\/api.w.org\/{rel}","templated":true}]}}