{"id":49757,"date":"2025-12-05T08:45:25","date_gmt":"2025-12-05T08:45:25","guid":{"rendered":"https:\/\/247stiri.ro\/index.php\/2025\/12\/05\/mirabela-gradinaru-si-oana-toiu-sume-uriase-pentru-o-masa-la-mar-a-lago-resedinta-lui-trump-cum-ii-pregateste-concubina-lui-nicusor-dan-intrarea-in-sua-surse\/"},"modified":"2025-12-05T08:45:25","modified_gmt":"2025-12-05T08:45:25","slug":"mirabela-gradinaru-si-oana-toiu-sume-uriase-pentru-o-masa-la-mar-a-lago-resedinta-lui-trump-cum-ii-pregateste-concubina-lui-nicusor-dan-intrarea-in-sua-surse","status":"publish","type":"post","link":"https:\/\/247stiri.ro\/index.php\/2025\/12\/05\/mirabela-gradinaru-si-oana-toiu-sume-uriase-pentru-o-masa-la-mar-a-lago-resedinta-lui-trump-cum-ii-pregateste-concubina-lui-nicusor-dan-intrarea-in-sua-surse\/","title":{"rendered":"Mirabela Gr\u0103dinaru \u0219i Oana \u021aoiu, sume uria\u0219e pentru o mas\u0103 la Mar-a-Lago, re\u0219edin\u021ba lui Trump. Cum \u00eei preg\u0103te\u0219te concubina lui Nicu\u0219or Dan intrarea \u00een SUA &#8211; SURSE"},"content":{"rendered":"<p>Toate acestea arat\u0103 o disperare ca Nicu\u0219or Dan s\u0103 aib\u0103 o rela\u021bie cu americanii.<\/p>\n<p>Potrivit surselor Realitatea PLUS, ministrul \u201erezist\u201d de la Externe, \u00eempreun\u0103 cu concubina lui Nicu\u0219or Dan, trag sfori pentru a-i \u00eendeplini pre\u0219edintelui visul american, \u0219i anume \u00eent\u00e2lnirea cu Donald Trump. Potrivit unor surse, ace\u0219tia ar organiza o mas\u0103 la Mar-a-Lago pe sume uria\u0219e, la care ar participa zeci de persoane, inclusiv 12 republicani. \u0218tim c\u0103 Nicu\u0219or Dan \u00ee\u0219i preg\u0103te\u0219te \u00eenc\u0103 de la \u00eenceputul mandatului o \u00eent\u00e2lnire cu Donald Trump, asta de\u0219i p\u00e2n\u0103 acum nu a venit nicio invita\u021bie oficial\u0103 din partea pre\u0219edintelui american.<\/p>\n<p>Trebuie reamintit \u0219i felul \u00een care a ajuns Victor Ponta s\u0103 se \u00eent\u00e2lneasc\u0103 cu Donald Trump la Mar-a-Lago. Fostul candidat la preziden\u021biale a transmis c\u0103 a ajuns la re\u0219edin\u021ba pre\u0219edintelui SUA la invita\u021bia unui prieten, \u00eens\u0103 la acel moment Donald Trump mai mult l-a ignorat pe Ponta, iar acesta povestea c\u0103 a fost o discu\u021bie destul de superficial\u0103 \u00eentre cei doi.<\/p>","protected":false},"excerpt":{"rendered":"<p>Toate acestea arat\u0103 o disperare ca Nicu\u0219or Dan s\u0103 aib\u0103 o rela\u021bie cu americanii. Potrivit&hellip;<\/p>\n","protected":false},"author":0,"featured_media":49744,"comment_status":"open","ping_status":"open","sticky":false,"template":"","format":"standard","meta":{"footnotes":""},"categories":[2],"tags":[],"class_list":["post-49757","post","type-post","status-publish","format-standard","has-post-thumbnail","hentry","category-actual"],"_links":{"self":[{"href":"https:\/\/247stiri.ro\/index.php\/wp-json\/wp\/v2\/posts\/49757","targetHints":{"allow":["GET"]}}],"collection":[{"href":"https:\/\/247stiri.ro\/index.php\/wp-json\/wp\/v2\/posts"}],"about":[{"href":"https:\/\/247stiri.ro\/index.php\/wp-json\/wp\/v2\/types\/post"}],"replies":[{"embeddable":true,"href":"https:\/\/247stiri.ro\/index.php\/wp-json\/wp\/v2\/comments?post=49757"}],"version-history":[{"count":0,"href":"https:\/\/247stiri.ro\/index.php\/wp-json\/wp\/v2\/posts\/49757\/revisions"}],"wp:featuredmedia":[{"embeddable":true,"href":"https:\/\/247stiri.ro\/index.php\/wp-json\/wp\/v2\/media\/49744"}],"wp:attachment":[{"href":"https:\/\/247stiri.ro\/index.php\/wp-json\/wp\/v2\/media?parent=49757"}],"wp:term":[{"taxonomy":"category","embeddable":true,"href":"https:\/\/247stiri.ro\/index.php\/wp-json\/wp\/v2\/categories?post=49757"},{"taxonomy":"post_tag","embeddable":true,"href":"https:\/\/247stiri.ro\/index.php\/wp-json\/wp\/v2\/tags?post=49757"}],"curies":[{"name":"wp","href":"https:\/\/api.w.org\/{rel}","templated":true}]}}