{"id":49770,"date":"2025-12-05T09:45:09","date_gmt":"2025-12-05T09:45:09","guid":{"rendered":"https:\/\/247stiri.ro\/index.php\/2025\/12\/05\/viktor-orban-urmeaza-zile-decisive-pentru-viitorul-razboiului-din-ucraina-si-securitatea-europei\/"},"modified":"2025-12-05T09:45:09","modified_gmt":"2025-12-05T09:45:09","slug":"viktor-orban-urmeaza-zile-decisive-pentru-viitorul-razboiului-din-ucraina-si-securitatea-europei","status":"publish","type":"post","link":"https:\/\/247stiri.ro\/index.php\/2025\/12\/05\/viktor-orban-urmeaza-zile-decisive-pentru-viitorul-razboiului-din-ucraina-si-securitatea-europei\/","title":{"rendered":"Viktor Orban: Urmeaz\u0103 zile decisive pentru viitorul r\u0103zboiului din Ucraina \u0219i securitatea Europei"},"content":{"rendered":"<p>Premierul Ungariei, Viktor Orban, a declarat vineri c\u0103 perioada imediat urm\u0103toare va fi decisiv\u0103 pentru direc\u021bia r\u0103zboiului dintre Rusia \u0219i Ucraina, avertiz\u00e2nd asupra riscului ca acesta s\u0103 se apropie \u0219i mai mult de Europa. Declara\u021biile au fost f\u0103cute \u00eentr-un interviu acordat postului public de radio, citat de agen\u021bia MTI, noteaz\u0103 Agerpres.\u00a0<\/p>\n<p>Potrivit lui Orban, \u201dne afl\u0103m \u00eentr-un moment interesant din istorie: dac\u0103 negocierile importante care au loc \u00eentre SUA \u0219i Rusia vor avea succes, ar\u0219i\u021ba r\u0103zboiului va sc\u0103dea\u201d, iar oamenii din Ungaria vor putea respira mai u\u0219or.Cu toate acestea, dac\u0103 \u201dva prevala voin\u021ba europenilor, care consider\u0103 c\u0103 r\u0103zboiul trebuie s\u0103 continue \u0219i trebuie reglementat pe c\u00e2mpul de lupt\u0103 mai cur\u00e2nd dec\u00e2t prin c\u0103utarea p\u0103cii\u201d, r\u0103zboiul s-ar putea extinde mai aproape, iar amenin\u021barea va cre\u0219te, a spus el.\u201dLa o \u00eent\u00e2lnire important\u0103 de ast\u0103zi de la Bruxelles cu cancelarul german \u0219i pre\u0219edinta Comisiei Europene, ace\u0219tia vor \u00eencerca s\u0103-i conving\u0103 pe belgieni s\u0103 confi\u0219te activele ruse\u0219ti blocate \u00een \u021bara lor \u0219i s\u0103 pun\u0103 acei bani \u00een fondurile europene care finan\u021beaz\u0103 r\u0103zboiul\u201d, a amintit premierul ungar.<\/p>\n<p><a href=\"https:\/\/www.realitatea.net\/stiri\/politica\/intalnire-de-urgenta-la-bruxelles-merz-von-der-leyen-si-premierul-belgiei-discuta-finantarea-ucrainei_6932865fde1ade2aab544f32\" target=\"_blank\">\u00cent\u00e2lnire de urgen\u021b\u0103 la Bruxelles: Merz, von der Leyen \u0219i premierul Belgiei discut\u0103 finan\u021barea Ucrainei<\/a><\/p>\n<p>Dac\u0103 vor reu\u0219i, \u201dUngaria va trebui s\u0103 stea departe de asta, pentru c\u0103 nu vrem s\u0103 trimitem bani acolo sau s\u0103 fim t\u00e2r\u00e2\u021bi \u00een r\u0103zboi. Dac\u0103 belgienii se opun, liderii europeni vor trebui s\u0103 recunoasc\u0103 faptul c\u0103 nu au bani pentru r\u0103zboi \u0219i (&#8230;) c\u0103 vor trebui s\u0103 sus\u021bin\u0103 discu\u021biile dintre SUA \u0219i Rusia\u201d, a conchis Viktor Orban.<\/p>","protected":false},"excerpt":{"rendered":"<p>Premierul Ungariei, Viktor Orban, a declarat vineri c\u0103 perioada imediat urm\u0103toare va fi decisiv\u0103 pentru&hellip;<\/p>\n","protected":false},"author":0,"featured_media":49767,"comment_status":"open","ping_status":"open","sticky":false,"template":"","format":"standard","meta":{"footnotes":""},"categories":[3],"tags":[],"class_list":["post-49770","post","type-post","status-publish","format-standard","has-post-thumbnail","hentry","category-politica"],"_links":{"self":[{"href":"https:\/\/247stiri.ro\/index.php\/wp-json\/wp\/v2\/posts\/49770","targetHints":{"allow":["GET"]}}],"collection":[{"href":"https:\/\/247stiri.ro\/index.php\/wp-json\/wp\/v2\/posts"}],"about":[{"href":"https:\/\/247stiri.ro\/index.php\/wp-json\/wp\/v2\/types\/post"}],"replies":[{"embeddable":true,"href":"https:\/\/247stiri.ro\/index.php\/wp-json\/wp\/v2\/comments?post=49770"}],"version-history":[{"count":0,"href":"https:\/\/247stiri.ro\/index.php\/wp-json\/wp\/v2\/posts\/49770\/revisions"}],"wp:featuredmedia":[{"embeddable":true,"href":"https:\/\/247stiri.ro\/index.php\/wp-json\/wp\/v2\/media\/49767"}],"wp:attachment":[{"href":"https:\/\/247stiri.ro\/index.php\/wp-json\/wp\/v2\/media?parent=49770"}],"wp:term":[{"taxonomy":"category","embeddable":true,"href":"https:\/\/247stiri.ro\/index.php\/wp-json\/wp\/v2\/categories?post=49770"},{"taxonomy":"post_tag","embeddable":true,"href":"https:\/\/247stiri.ro\/index.php\/wp-json\/wp\/v2\/tags?post=49770"}],"curies":[{"name":"wp","href":"https:\/\/api.w.org\/{rel}","templated":true}]}}