{"id":49773,"date":"2025-12-05T09:45:11","date_gmt":"2025-12-05T09:45:11","guid":{"rendered":"https:\/\/247stiri.ro\/index.php\/2025\/12\/05\/criza-apei-din-prahova-prefectura-anunta-apa-va-avea-restrictii-de-utilizare-pana-la-avizul-sanitar-al-dsp\/"},"modified":"2025-12-05T09:45:11","modified_gmt":"2025-12-05T09:45:11","slug":"criza-apei-din-prahova-prefectura-anunta-apa-va-avea-restrictii-de-utilizare-pana-la-avizul-sanitar-al-dsp","status":"publish","type":"post","link":"https:\/\/247stiri.ro\/index.php\/2025\/12\/05\/criza-apei-din-prahova-prefectura-anunta-apa-va-avea-restrictii-de-utilizare-pana-la-avizul-sanitar-al-dsp\/","title":{"rendered":"Criza apei din Prahova. Prefectura anun\u021b\u0103: Apa va avea restric\u021bii de utilizare p\u00e2n\u0103 la avizul sanitar al DSP"},"content":{"rendered":"<p>Autorit\u0103\u0163ile din jude\u0163ul Prahova anun\u0163\u0103, \u00een condi\u0163iile \u00een care se fac demersuri pentru reluarea furniz\u0103rii apei \u00een cele 13 localit\u0103\u0163i care de o s\u0103pt\u0103m\u00e2n\u0103 nu primesc aceast\u0103 utilitate, c\u0103 apa \u00een sistemul furnizorului Hidro Prahova va avea restric\u0163ii de utilizare p\u00e2n\u0103 c\u00e2nd Direc\u0163ia de S\u0103n\u0103tate Public\u0103 (DSP) va emite aviz sanitar care s\u0103 arate c\u0103 poate fi consumat\u0103.<\/p>\n<p>Potrivit prefectului, DSP Prahova a \u00eenceput prelevarea de probe de ap\u0103 pentru a evalua calitatea acesteia, dup\u0103 \u00eentreruperea furniz\u0103rii apei din barajul Paltinu, \u00een urm\u0103 cu o s\u0103pt\u0103m\u00e2n\u0103. Probele sunt luate din mai multe puncte pentru a fi analizate, scopul fiind \u201eob\u0163inerea unor rezultate complete, care s\u0103 permit\u0103 evaluarea corect\u0103 a calit\u0103\u0163ii apei \u00eenainte de introducerea \u00een sistemul de distribu\u0163ie\u201d.\u201ePentru popula\u0163ie este important de \u00een\u0163eles c\u0103 apa care va ajunge \u00een re\u0163elele Hidro Prahova \u00een zilele urm\u0103toare va fi ap\u0103 potabil\u0103 cu restric\u0163ii de utilizare. Ea nu va putea fi folosit\u0103 pentru consum uman p\u00e2n\u0103 la emiterea avizului sanitar din partea DSP Prahova. Detaliile privind restric\u0163iile vor fi comunicate \u00een momentul \u00een care furnizarea va \u00eencepe. Momentul exact \u00een care apa va intra \u00een re\u0163elele Hidro Prahova \u015fi, ulterior, va ajunge progresiv la cet\u0103\u0163eni, va fi anun\u0163at exclusiv de Institu\u0163ia Prefectului Jude\u0163ul Prahova \u015fi Consiliul Jude\u0163ean Prahova \u015fi Prefectura Prahova. Orice alte surse de informare nu sunt relevante \u015fi nu reprezint\u0103 pozi\u0163ia oficial\u0103 a institu\u0163iilor implicate\u201d, au transmis, joi, oficialii Prefecturii Prahova.Reamitim c\u0103 peste 107 000 de oameni din 13 localit\u0103\u0163i ale jude\u0163ului Prahova \u015fi un ora\u015f din municipiul D\u00e2mbovi\u0163a nu primesc ap\u0103 potabil\u0103 de o s\u0103pt\u0103m\u00e2n\u0103, dup\u0103 ce ac\u0163iunea de golire a barajului Paltinu pentru realizarea unor lucr\u0103ri de decolmatare, coroborat\u0103 cu ploile toren\u0163iale de s\u0103pt\u0103m\u00e2na trecut\u0103, a dus la ridicarea turbidit\u0103\u0163ii apei \u00een a\u015fa m\u0103sur\u0103 \u00eenc\u00e2t aceasta nu a mai putut fi tratat\u0103.\u00a0<\/p>","protected":false},"excerpt":{"rendered":"<p>Autorit\u0103\u0163ile din jude\u0163ul Prahova anun\u0163\u0103, \u00een condi\u0163iile \u00een care se fac demersuri pentru reluarea furniz\u0103rii&hellip;<\/p>\n","protected":false},"author":0,"featured_media":49774,"comment_status":"open","ping_status":"open","sticky":false,"template":"","format":"standard","meta":{"footnotes":""},"categories":[2],"tags":[],"class_list":["post-49773","post","type-post","status-publish","format-standard","has-post-thumbnail","hentry","category-actual"],"_links":{"self":[{"href":"https:\/\/247stiri.ro\/index.php\/wp-json\/wp\/v2\/posts\/49773","targetHints":{"allow":["GET"]}}],"collection":[{"href":"https:\/\/247stiri.ro\/index.php\/wp-json\/wp\/v2\/posts"}],"about":[{"href":"https:\/\/247stiri.ro\/index.php\/wp-json\/wp\/v2\/types\/post"}],"replies":[{"embeddable":true,"href":"https:\/\/247stiri.ro\/index.php\/wp-json\/wp\/v2\/comments?post=49773"}],"version-history":[{"count":0,"href":"https:\/\/247stiri.ro\/index.php\/wp-json\/wp\/v2\/posts\/49773\/revisions"}],"wp:featuredmedia":[{"embeddable":true,"href":"https:\/\/247stiri.ro\/index.php\/wp-json\/wp\/v2\/media\/49774"}],"wp:attachment":[{"href":"https:\/\/247stiri.ro\/index.php\/wp-json\/wp\/v2\/media?parent=49773"}],"wp:term":[{"taxonomy":"category","embeddable":true,"href":"https:\/\/247stiri.ro\/index.php\/wp-json\/wp\/v2\/categories?post=49773"},{"taxonomy":"post_tag","embeddable":true,"href":"https:\/\/247stiri.ro\/index.php\/wp-json\/wp\/v2\/tags?post=49773"}],"curies":[{"name":"wp","href":"https:\/\/api.w.org\/{rel}","templated":true}]}}