{"id":49775,"date":"2025-12-05T09:45:12","date_gmt":"2025-12-05T09:45:12","guid":{"rendered":"https:\/\/247stiri.ro\/index.php\/2025\/12\/05\/avionul-lui-zelenski-urmarit-de-drone-militare-inainte-de-vizita-in-irlanda-intr-un-atac-hibrid\/"},"modified":"2025-12-05T09:45:12","modified_gmt":"2025-12-05T09:45:12","slug":"avionul-lui-zelenski-urmarit-de-drone-militare-inainte-de-vizita-in-irlanda-intr-un-atac-hibrid","status":"publish","type":"post","link":"https:\/\/247stiri.ro\/index.php\/2025\/12\/05\/avionul-lui-zelenski-urmarit-de-drone-militare-inainte-de-vizita-in-irlanda-intr-un-atac-hibrid\/","title":{"rendered":"Avionul lui Zelenski, urm\u0103rit de drone militare \u00eenainte de vizita \u00een Irlanda, \u00eentr-un atac hibrid"},"content":{"rendered":"<p>Surse citate de publica\u021bia The Journal au declarat c\u0103 dronele au decolat dintr-o loca\u021bie din nord-estul capitalei irlandeze \u0219i au zburat direct c\u0103tre culoarul de zbor al pre\u0219edintelui ucrainean, \u00eenc\u0103lc\u00e2nd o zon\u0103 de interdic\u021bie aerian\u0103.<\/p>\n<p>Poli\u021bia irlandez\u0103\u00a0investigheaz\u0103 incidentul, dar nu a reu\u0219it s\u0103 confirme deocamdat\u0103 originea dronelor<\/p>\n<p>Poli\u021bia irlandez\u0103\u00a0investigheaz\u0103 incidentul, dar nu a reu\u0219it s\u0103 confirme deocamdat\u0103 originea dronelor sau cine le-a controlat. Autorit\u0103\u021bile \u00eencearc\u0103 s\u0103 stabileasc\u0103 dac\u0103 acestea au decolat de pe uscat sau de pe o nav\u0103 nedetectat\u0103, strecur\u00e2ndu-se pe l\u00e2ng\u0103 radare. Serviciile de securitate irlandeze au precizat c\u0103 dronele erau dispozitive mari, de tip militar, iar incidentul ar putea fi considerat un atac hibrid, relateaz\u0103 The Journal.<\/p>\n<p>Se pare c\u0103 dronele au ratat momentul apropierii avionului lui Zelenski \u0219i s-au reorientat c\u0103tre nava naval\u0103 L\u00c9 William Butler Yeats, care fusese desf\u0103\u0219urat\u0103 \u00een largul coastei. Conform The Journal, nava nu a reu\u0219it s\u0103 dezactiveze dronele cu echipamentul pe care \u00eel avea la dispozi\u021bie.<\/p>\n<p>Autoritatea de Avia\u021bie Irlandez\u0103 (IAA) impusese o zon\u0103 de interdic\u021bie aerian\u0103 pentru drone deasupra \u0219i \u00een jurul Dublinului, special pentru a coincide cu vizita lui Zelenski.<\/p>\n<p>Incidentul survine \u00eentr-o perioad\u0103 de vigilen\u021b\u0103 sporit\u0103 \u00een \u00eentreaga Europ\u0103, dup\u0103 luni de avertismente privind atacurile hibride cu drone care perturb\u0103 traficul aerian \u0219i for\u021beaz\u0103 \u00eenchiderea aeroporturilor.<\/p>\n<p>Vizita lui Zelenski din aceast\u0103 s\u0103pt\u0103m\u00e2n\u0103 a fost prima a unui pre\u0219edinte ucrainean \u00een Irlanda \u0219i a avut loc \u00een contextul eforturilor sale de a consolida sprijinul liderilor europeni, pe m\u0103sur\u0103 ce negocierile de pace conduse de SUA continu\u0103. \u00centr-un discurs adresat parlamentarilor irlandezi, Zelenski a primit ova\u021bii \u00een picioare \u0219i a cerut Irlandei s\u0103 joace \u201eun rol activ\u201d \u00een solicitarea \u00eenfiin\u021b\u0103rii unui tribunal pentru agresiunea Rusiei \u00eempotriva Ucrainei.<\/p>\n<p>Rusia a fost acuzat\u0103 c\u0103 \u00eencearc\u0103 s\u0103 submineze sprijinul pentru Ucraina cu atacuri hibride<\/p>\n<p>Rusia a fost acuzat\u0103 c\u0103 \u00eencearc\u0103 s\u0103 submineze sprijinul pentru Ucraina orchestr\u00e2nd a\u0219a-numitele atacuri hibride, menite s\u0103 alarmeze publicul \u0219i s\u0103 testeze timpii de r\u0103spuns la posibile amenin\u021b\u0103ri. Aeroporturi din Germania, Danemarca \u0219i Belgia au fost \u00eenchise \u00een ultimele luni din cauza incursiunilor cu drone. Pre\u0219edintele rus, Vladimir Putin, a ignorat \u00een trecut acuza\u021biile de interferen\u021b\u0103.<\/p>\n<p>Mar\u021bi, Vladimir Putin a declarat c\u0103 este gata s\u0103 lupte \u00eentr-un r\u0103zboi cu Europa dac\u0103 va fi provocat \u0219i a acuzat liderii europeni c\u0103 saboteaz\u0103 eforturile conduse de SUA de a pune cap\u0103t r\u0103zboiului din Ucraina. Luna trecut\u0103, Rusia \u0219i SUA au convenit asupra unui plan \u00een 28 de puncte \u2013 condamnat pe scar\u0103 larg\u0103 de guvernele europene \u2013 care ar for\u021ba Ucraina s\u0103 cedeze teritorii, s\u0103 \u00ee\u0219i reduc\u0103 armata \u0219i s\u0103 renun\u021be la ambi\u021biile sale NATO. La \u00eenceputul acestei s\u0103pt\u0103m\u00e2ni, Volodimir Zelenski a dezv\u0103luit un plan revizuit, \u00een 20 de puncte, \u00een urma discu\u021biilor avute cu oficiali americani \u00een weekend.<\/p>\n<p>Avionul Ursulei von der Leyen a fost \u0219i el atacat<\/p>\n<p>Incidentul de la Dublin nu este primul care afecteaz\u0103 lideri europeni \u00een timpul c\u0103l\u0103toriilor aeriene. La \u00eenceputul acestui an, un avion care o transporta pe \u0219efa Comisiei Europene, Ursula von der Leyen, ar fi fost supus unor bruiaje \u00een timp ce c\u0103l\u0103torea spre Bulgaria, \u00een cadrul unui turneu de patru zile \u00een statele UE care se \u00eenvecineaz\u0103 cu Rusia. Autorit\u0103\u021bile bulgare au suspectat ini\u021bial interferen\u021ba rus\u0103, iar NATO a declarat atunci c\u0103 lucreaz\u0103 \u201ezi \u0219i noapte\u201d pentru a preveni noi cazuri de bruiaj<\/p>","protected":false},"excerpt":{"rendered":"<p>Surse citate de publica\u021bia The Journal au declarat c\u0103 dronele au decolat dintr-o loca\u021bie din&hellip;<\/p>\n","protected":false},"author":0,"featured_media":49769,"comment_status":"open","ping_status":"open","sticky":false,"template":"","format":"standard","meta":{"footnotes":""},"categories":[2],"tags":[],"class_list":["post-49775","post","type-post","status-publish","format-standard","has-post-thumbnail","hentry","category-actual"],"_links":{"self":[{"href":"https:\/\/247stiri.ro\/index.php\/wp-json\/wp\/v2\/posts\/49775","targetHints":{"allow":["GET"]}}],"collection":[{"href":"https:\/\/247stiri.ro\/index.php\/wp-json\/wp\/v2\/posts"}],"about":[{"href":"https:\/\/247stiri.ro\/index.php\/wp-json\/wp\/v2\/types\/post"}],"replies":[{"embeddable":true,"href":"https:\/\/247stiri.ro\/index.php\/wp-json\/wp\/v2\/comments?post=49775"}],"version-history":[{"count":0,"href":"https:\/\/247stiri.ro\/index.php\/wp-json\/wp\/v2\/posts\/49775\/revisions"}],"wp:featuredmedia":[{"embeddable":true,"href":"https:\/\/247stiri.ro\/index.php\/wp-json\/wp\/v2\/media\/49769"}],"wp:attachment":[{"href":"https:\/\/247stiri.ro\/index.php\/wp-json\/wp\/v2\/media?parent=49775"}],"wp:term":[{"taxonomy":"category","embeddable":true,"href":"https:\/\/247stiri.ro\/index.php\/wp-json\/wp\/v2\/categories?post=49775"},{"taxonomy":"post_tag","embeddable":true,"href":"https:\/\/247stiri.ro\/index.php\/wp-json\/wp\/v2\/tags?post=49775"}],"curies":[{"name":"wp","href":"https:\/\/api.w.org\/{rel}","templated":true}]}}