{"id":49776,"date":"2025-12-05T09:45:13","date_gmt":"2025-12-05T09:45:13","guid":{"rendered":"https:\/\/247stiri.ro\/index.php\/2025\/12\/05\/de-unde-a-aparut-originea-bradului-de-craciun\/"},"modified":"2025-12-05T09:45:13","modified_gmt":"2025-12-05T09:45:13","slug":"de-unde-a-aparut-originea-bradului-de-craciun","status":"publish","type":"post","link":"https:\/\/247stiri.ro\/index.php\/2025\/12\/05\/de-unde-a-aparut-originea-bradului-de-craciun\/","title":{"rendered":"De unde a ap\u0103rut originea Bradului de Cr\u0103ciun"},"content":{"rendered":"<p>Bradul de Cr\u0103ciun, origini \u0219i tradi\u021bii\u00cempodobirea bradului de Cr\u0103ciun reprezint\u0103 pentru lumea cre\u015ftin\u0103 unul dintre cele mai a\u015fteptate momente ale sf\u00e2r\u015fitului de an. Bradul de Cr\u0103ciun ofer\u0103\u00a0 un bun prilej de a petrece momente de neuitat al\u0103turi de familie, de to\u021bi cei dragi.\u00a0\u00cen cele mai multe case acest obicei este \u00eenso\u021bit de ascultarea de colinde sau, de ce nu, chiar de c\u00e2ntarea lor, pentru a intra mai bine \u00een atmosfera de poveste a s\u0103rb\u0103torii ce tocmai \u00eencepe s\u0103-\u015fi fac\u0103 sim\u021bit\u0103 prezen\u021ba.<\/p>\n<p>Este una dintre cele mai iubite datini mo\u015ftenite din genera\u021bie \u00een genera\u021bie \u015fi pe care o \u00eendr\u0103gesc at\u00e2t copiii, c\u00e2t \u015fi adul\u021bii, indiferent de v\u00e2rst\u0103.<\/p>\n<p>C\u00e2nd suntem mici, \u00een multe cazuri, \u015ftim c\u0103 bradul de Cr\u0103ciun este adus de Mo\u015f Cr\u0103ciun sau m\u0103car c\u0103 el \u00eel \u00eempodobe\u015fte. Ne aducem cu to\u021bii aminte de c\u00e2te ori am adormit, a\u015ftept\u00e2ndu-l, \u00een speran\u021ba c\u0103 de data asta o s\u0103-l vedem \u015fi ne-am trezit \u015fi am g\u0103sit bradul de Cr\u0103ciun frumos g\u0103tit \u015fi cu daruri sub el.<\/p>\n<p>Tradi\u021bia \u00eempodobirii bradului<\/p>\n<p>Tradi\u021bia \u00eempodobirii casei cu crengu\u021be de brad \u015fi a bradului \u00een sine \u00ee\u015fi are originea undeva pe la 1500, fiind un obicei al triburilor germanice. Prin forma sa triunghiular\u0103 bradul simbolizeaz\u0103 Sf\u00e2nta Treime, iar podoabele ce se pun \u00een el reprezint\u0103 bog\u0103\u021bia \u015fi cunoa\u015fterea. La fel ca merele, fructele cunoa\u015fterii, ce se g\u0103seau \u00een pomul sacru din Gr\u0103dina Edenului.<\/p>\n<p>Se poate vorbi \u015fi la daci de un cult al bradului, dar cu o cu totul alt\u0103 semnifica\u021bie. El era v\u0103zut ca un copac ritualic, ce se t\u0103ia la nunta sau moartea cuiva. Sunt regiuni la noi \u00een \u021bar\u0103, cum ar fi sudul Banatului sau Oltenia, care p\u0103streaz\u0103 \u00eenc\u0103 obiceiul \u015fi \u00een care \u00een ritualul \u00eenmorm\u00e2nt\u0103rii simbolizeaz\u0103 &#8222;nunta mortului cu natura \u015fi Divinitatea&#8221;.<\/p>\n<p>\u00cen vechime, bradul de Cr\u0103ciun se \u00eempodobea cu nuci, fructe, flori, funde \u015fi lum\u00e2n\u0103ri, ca simbol al vie\u021bii, fertilit\u0103\u021bii \u015fi aduc\u0103tor de noroc \u015fi bel\u0219ug.<\/p>\n<p>\u00cen zilele noastre bradul natural, \u00een multe cazuri, a fost \u00eenlocuit cu cel de plastic din considerente practice sau ecologice sau este f\u0103cut din alte materiale neconven\u021bionale.<\/p>\n<p>Cei mai conservatori\u015fti au r\u0103mas \u00eens\u0103 fideli bradului natural. Natural sau din plastic, bradul de Cr\u0103ciun este \u00eempodobit cu globule\u021be colorate, ornamente sclipitoare, beteal\u0103 lucioas\u0103, instala\u021bii electrice de lumini\u021be, care au luat locul lum\u00e2n\u0103rilor, bomboane \u00eenvelite \u00een staniol colorat, toate astea f\u0103c\u00e2ndu-l s\u0103 par\u0103 vesel \u015fi viu.<\/p>\n<p>V\u00e2rful, chiar dac\u0103 \u00een multe cazuri nu mai are forma sa clasic\u0103 de stea, reprezentarea este aceea\u015fi, vestirea Na\u015fterii Pruncului Sf\u00e2nt. La fel \u015fi ornamentele ce se reg\u0103sesc \u00een pom, sub form\u0103 de \u00eengera\u015fi, reamintesc de acela\u015fi sf\u00e2nt eveniment.<\/p>\n<p>\u00cen cele mai multe case s-a implementat obiceiul ca bradul s\u0103 fie despodobit \u015fi aruncat sau pus la p\u0103strare pentru anul urm\u0103tor, dup\u0103 caz, dup\u0103 s\u0103rb\u0103toarea de Sf\u00e2ntul Ion, care este pe 7 ianuarie \u015fi de care se spune c\u0103 \u00eencheie s\u0103rb\u0103torile de iarn\u0103.<\/p>\n<p>Exist\u0103 \u00eens\u0103 \u015fi obiceiul ca pomul s\u0103 fie desf\u0103cut \u00eenainte de Boboteaz\u0103 pentru a primeni casa pentru Botezul Domnului, ca simbol al l\u0103s\u0103rii \u00een urm\u0103 a anului trecut \u015fi intr\u0103rii noului an \u00een drepturi depline.<\/p>\n<p>\u00a0<\/p>","protected":false},"excerpt":{"rendered":"<p>Bradul de Cr\u0103ciun, origini \u0219i tradi\u021bii\u00cempodobirea bradului de Cr\u0103ciun reprezint\u0103 pentru lumea cre\u015ftin\u0103 unul dintre&hellip;<\/p>\n","protected":false},"author":0,"featured_media":49765,"comment_status":"open","ping_status":"open","sticky":false,"template":"","format":"standard","meta":{"footnotes":""},"categories":[2],"tags":[],"class_list":["post-49776","post","type-post","status-publish","format-standard","has-post-thumbnail","hentry","category-actual"],"_links":{"self":[{"href":"https:\/\/247stiri.ro\/index.php\/wp-json\/wp\/v2\/posts\/49776","targetHints":{"allow":["GET"]}}],"collection":[{"href":"https:\/\/247stiri.ro\/index.php\/wp-json\/wp\/v2\/posts"}],"about":[{"href":"https:\/\/247stiri.ro\/index.php\/wp-json\/wp\/v2\/types\/post"}],"replies":[{"embeddable":true,"href":"https:\/\/247stiri.ro\/index.php\/wp-json\/wp\/v2\/comments?post=49776"}],"version-history":[{"count":0,"href":"https:\/\/247stiri.ro\/index.php\/wp-json\/wp\/v2\/posts\/49776\/revisions"}],"wp:featuredmedia":[{"embeddable":true,"href":"https:\/\/247stiri.ro\/index.php\/wp-json\/wp\/v2\/media\/49765"}],"wp:attachment":[{"href":"https:\/\/247stiri.ro\/index.php\/wp-json\/wp\/v2\/media?parent=49776"}],"wp:term":[{"taxonomy":"category","embeddable":true,"href":"https:\/\/247stiri.ro\/index.php\/wp-json\/wp\/v2\/categories?post=49776"},{"taxonomy":"post_tag","embeddable":true,"href":"https:\/\/247stiri.ro\/index.php\/wp-json\/wp\/v2\/tags?post=49776"}],"curies":[{"name":"wp","href":"https:\/\/api.w.org\/{rel}","templated":true}]}}