{"id":49777,"date":"2025-12-05T09:45:13","date_gmt":"2025-12-05T09:45:13","guid":{"rendered":"https:\/\/247stiri.ro\/index.php\/2025\/12\/05\/clinica-dentara-unde-a-murit-sara-sustine-ca-micuta-a-fost-sedata-profund-nu-anesteziata-parintii-sustin-altceva\/"},"modified":"2025-12-05T09:45:13","modified_gmt":"2025-12-05T09:45:13","slug":"clinica-dentara-unde-a-murit-sara-sustine-ca-micuta-a-fost-sedata-profund-nu-anesteziata-parintii-sustin-altceva","status":"publish","type":"post","link":"https:\/\/247stiri.ro\/index.php\/2025\/12\/05\/clinica-dentara-unde-a-murit-sara-sustine-ca-micuta-a-fost-sedata-profund-nu-anesteziata-parintii-sustin-altceva\/","title":{"rendered":"Clinica dentar\u0103 unde a murit Sara sus\u021bine c\u0103 micu\u021ba a fost sedat\u0103 profund, nu anesteziat\u0103. P\u0103rin\u021bii sus\u021bin altceva"},"content":{"rendered":"<p>Clinica stomatologic\u0103 unde micu\u021ba Sara a murit vine cu noi clarific\u0103ri privind tragedia care a avut loc aproape acum 3 s\u0103pt\u0103m\u00e2ni.<\/p>\n<p>Reprezentan\u021bii unit\u0103\u021bii medicale sus\u021bin c\u0103 nu a fost vorba despre o anestezie general\u0103 ci o sedare profund\u0103. Medicii clinicii spun c\u0103 este o diferen\u021b\u0103 major\u0103 \u00eentre cele dou\u0103 proceduri. Totodat\u0103, cei de la clinic\u0103 sus\u021bin c\u0103 procedura a fost efectuat\u0103 de c\u0103tre un medic specialist \u00een anestezie \u0219i terapie intensiv\u0103 pediatric\u0103.<\/p>\n<p>Clinica mai precizeaz\u0103 c\u0103, niciun document medical prezentat de c\u0103tre p\u0103rin\u021bi la momentul intern\u0103rii copilului nu prezenta vreo complica\u021bie medical\u0103. Reprezentan\u021bii clinicii spun c\u0103 nici sigla nu mai este prezent\u0103 pe cl\u0103dire \u0219i sus\u021bin c\u0103 nu se \u00eencearc\u0103 mu\u0219amalizarea \u0219i spun c\u0103 imaginile sunt deja la autorit\u0103\u021bi.\u00a0<\/p>\n<p>P\u0103rin\u021bii Sarei au trimis un memoriu detaliat procurorilor<\/p>\n<p>P\u0103rin\u021bii copilei, Andrei \u0219i Roxana Vi\u0219oiu, au transmis procurorilor un memoriu detaliat \u00een care descriu circumstan\u021bele medicale, administrative \u0219i legale care au precedat tragedia.<\/p>\n<p>Iat\u0103 o rescriere cursiv\u0103 a textului, concentr\u00e2ndu-se pe solicit\u0103rile p\u0103rin\u021bilor \u0219i pe acuza\u021biile aduse clinicii:<\/p>\n<p>Acuza\u021bii grave \u00een memoriul p\u0103rin\u021bilor<\/p>\n<p>Documentul cuprinde solicit\u0103ri clare adresate autorit\u0103\u021bilor: stabilirea responsabilit\u0103\u021bilor individuale \u0219i institu\u021bionale, valorificarea integral\u0103 a raportului \u00eentocmit de Corpul de Control al Ministerului S\u0103n\u0103t\u0103\u021bii, ob\u021binerea unei repara\u021bii morale \u0219i materiale pentru trauma suferit\u0103 \u0219i aplicarea urgent\u0103 a unor m\u0103suri concrete care s\u0103 previn\u0103 repetarea unor situa\u021bii similare pe viitor.<\/p>\n<p>\u00cen memoriu, p\u0103rin\u021bii acuz\u0103 clinica de inducere \u00een eroare cu privire la loca\u021bia \u0219i autorizarea sediului. Ei arat\u0103 c\u0103 documentele clinicii, site-ul web \u0219i comunic\u0103rile cu pacien\u021bii foloseau \u00een mod constant adresa sediului vechi de pe strada Olteni, care era autorizat. \u00cen realitate, interven\u021biile medicale aveau loc \u00een sediul nou, situat pe strada Cluceru Udricani, o loca\u021bie care nu de\u021binea autoriza\u021bie sanitar\u0103 de func\u021bionare. P\u0103rin\u021bii sus\u021bin c\u0103 aceast\u0103 practic\u0103 le-a creat falsa convingere c\u0103 procedura se va desf\u0103\u0219ura \u00eentr-un spa\u021biu care \u00eendepline\u0219te toate normele legale.<\/p>\n<p>Un alt element esen\u021bial adus \u00een discu\u021bie este starea medical\u0103 a Sarei \u00een momentul interven\u021biei. Memoriul subliniaz\u0103 c\u0103 Sara prezenta valori ale transaminazelor hepatice de peste \u0219ase ori mai mari dec\u00e2t limita normal\u0103, o situa\u021bie care era cunoscut\u0103 at\u00e2t de p\u0103rin\u021bi, c\u00e2t \u0219i de medicii clinicii. Conform documentului, aceste valori au fost comunicate explicit medicilor printr-o discu\u021bie pe aplica\u021bia WhatsApp, chiar \u00een ziua \u00een care urma s\u0103 aib\u0103 loc interven\u021bia.<\/p>","protected":false},"excerpt":{"rendered":"<p>Clinica stomatologic\u0103 unde micu\u021ba Sara a murit vine cu noi clarific\u0103ri privind tragedia care a&hellip;<\/p>\n","protected":false},"author":0,"featured_media":49778,"comment_status":"open","ping_status":"open","sticky":false,"template":"","format":"standard","meta":{"footnotes":""},"categories":[2],"tags":[],"class_list":["post-49777","post","type-post","status-publish","format-standard","has-post-thumbnail","hentry","category-actual"],"_links":{"self":[{"href":"https:\/\/247stiri.ro\/index.php\/wp-json\/wp\/v2\/posts\/49777","targetHints":{"allow":["GET"]}}],"collection":[{"href":"https:\/\/247stiri.ro\/index.php\/wp-json\/wp\/v2\/posts"}],"about":[{"href":"https:\/\/247stiri.ro\/index.php\/wp-json\/wp\/v2\/types\/post"}],"replies":[{"embeddable":true,"href":"https:\/\/247stiri.ro\/index.php\/wp-json\/wp\/v2\/comments?post=49777"}],"version-history":[{"count":0,"href":"https:\/\/247stiri.ro\/index.php\/wp-json\/wp\/v2\/posts\/49777\/revisions"}],"wp:featuredmedia":[{"embeddable":true,"href":"https:\/\/247stiri.ro\/index.php\/wp-json\/wp\/v2\/media\/49778"}],"wp:attachment":[{"href":"https:\/\/247stiri.ro\/index.php\/wp-json\/wp\/v2\/media?parent=49777"}],"wp:term":[{"taxonomy":"category","embeddable":true,"href":"https:\/\/247stiri.ro\/index.php\/wp-json\/wp\/v2\/categories?post=49777"},{"taxonomy":"post_tag","embeddable":true,"href":"https:\/\/247stiri.ro\/index.php\/wp-json\/wp\/v2\/tags?post=49777"}],"curies":[{"name":"wp","href":"https:\/\/api.w.org\/{rel}","templated":true}]}}