{"id":49785,"date":"2025-12-05T10:45:12","date_gmt":"2025-12-05T10:45:12","guid":{"rendered":"https:\/\/247stiri.ro\/index.php\/2025\/12\/05\/sidicatele-pun-tunurile-pe-daniel-david-se-cere-demisia-ministrului-educatiei\/"},"modified":"2025-12-05T10:45:12","modified_gmt":"2025-12-05T10:45:12","slug":"sidicatele-pun-tunurile-pe-daniel-david-se-cere-demisia-ministrului-educatiei","status":"publish","type":"post","link":"https:\/\/247stiri.ro\/index.php\/2025\/12\/05\/sidicatele-pun-tunurile-pe-daniel-david-se-cere-demisia-ministrului-educatiei\/","title":{"rendered":"Sidicatele pun tunurile pe Daniel David: se cere demisia ministrului Educa\u021biei"},"content":{"rendered":"<p>&#8222;Federa\u021bia Sindicatelor Libere din \u00cenv\u0103\u021b\u0103m\u00e2nt (FSLI) \u0219i Federa\u021bia Sindicatelor din Educa\u021bie \u201eSPIRU HARET\u201d reac\u021bioneaz\u0103 ferm la atacul f\u0103r\u0103 precedent lansat de ministrul educa\u021biei, Daniel David, \u00eempotriva reprezentan\u021bilor salaria\u021bilor din \u00eenv\u0103\u021b\u0103m\u00e2nt. \u00centr-un recent podcast, demnitarul a afirmat: \u201e\u00een timp, sindicatele vor \u00een\u021belege c\u0103 nu mai pot avea un rol important \u00eentr-un sistem a\u0219a cum \u00eel avem acum\u201d \u0219i c\u0103 este nevoie de un \u201erestart pentru a construi alte paradigme \u00een educa\u021bie, inclusiv pentru ei ca sindicate\u201d.<\/p>\n<p>Aceste declara\u021bii nu sunt simple opinii, ci reprezint\u0103 un manifest pentru autoritarism. Ele tr\u0103deaz\u0103 inten\u021bia clar\u0103 de a elimina singurul obstacol r\u0103mas \u00een calea unor reforme f\u0103cute \u201edin pix\u201d, f\u0103r\u0103 consultare \u0219i f\u0103r\u0103 contact cu realitatea din clase: dialogul social&#8221;, sus\u021bin liderii celor dou\u0103 sidicate din Educa\u021bie.<\/p>\n<p>Mai mult, ace\u0219tia \u00eel acuz\u0103 pe Daniel Daviod c\u0103 ar confunda, de fapt, Ministerul Educa\u021biei \u0219i Cercet\u0103rii &#8222;cu un laborator personal de psihologie experimental\u0103&#8221;.<\/p>\n<p>&#8222;\u00centr-o democra\u021bie func\u021bional\u0103, sindicatelor nu li se dicteaz\u0103 \u201eparadigmele\u201d de func\u021bionare; ele nu se \u201erestarteaz\u0103\u201d la comanda puterii politice. Rolul nostru, al sindicatelor, este garantat constitu\u021bional tocmai pentru a proteja sistemul de abuzurile puterii executive. A dori sindicate care s\u0103 nu mai aib\u0103 un rol important \u00eenseamn\u0103 a dori angaja\u021bi f\u0103r\u0103 drepturi \u0219i un sistem educa\u021bional obedient. \u00cen ultimele decenii, sindicatele au fost singurele organiza\u021bii care au ap\u0103rat consecvent drepturile cadrelor didactice, au semnalat abuzurile administrative, au intervenit ori de c\u00e2te ori politicile educa\u021bionale au pus \u00een pericol integritatea profesiei \u0219i \u0219ansele elevilor la un \u00eenv\u0103\u021b\u0103m\u00e2nt de calitate \u0219i s-au implicat constant \u00een \u00eembun\u0103t\u0103\u021birea actelor normative care vizeaz\u0103 sistemul de \u00eenv\u0103\u021b\u0103m\u00e2nt&#8221;, atrag aten\u021bia Marius Nistor \u0219i Simion H\u0103ncescu.<\/p>\n<p>Potrivit acestora, &#8222;\u00eencercarea ministrului de a lega existen\u021ba sindicatelor \u0219i activitatea profesorilor de rata analfabetismului func\u021bional &#8222;reprezint\u0103 o manipulare ieftin\u0103&#8221;.<\/p>\n<p>&#8222;Domnule ministru, analfabetismul func\u021bional nu este produs de sindicate! Este rezultatul zecilor de ani de subfinan\u021bare cronic\u0103, de programe \u0219colare neadaptate, de lips\u0103 a resurselor \u0219i de instabilitatea legislativ\u0103 generat\u0103 de politicieni, nu de dasc\u0103li \u0219i de organiza\u021biile sindicale. Profesorii sunt cei care au \u021binut \u0219coala rom\u00e2neasc\u0103 \u00een via\u021b\u0103, adesea \u00een condi\u021bii umilitoare, \u00een timp ce mini\u0219trii experimentau \u201ereforme\u201d e\u0219uate&#8221;, \u00eei transmit lui Daniel David liderii sindicali.<\/p>\n<p>Ace\u0219tia avertizeaz\u0103 totodat\u0103 partidele din coali\u021bia de guvernare, pe premierul Ilie Bolojan \u0219i pe pre\u0219edintele Nicu\u0219or Dan &#8222;c\u0103 nu au voie s\u0103 tac\u0103, dup\u0103 o astfel de declara\u021bie&#8221;.\u00a0<\/p>\n<p>&#8222;T\u0103cerea \u00een fa\u021ba acestui derapaj \u00eenseamn\u0103 complicitate. Dac\u0103 viziunea Rom\u00e2niei Educate include reducerea la t\u0103cere a partenerilor sociali, atunci Rom\u00e2nia a p\u0103r\u0103sit valorile europene.<\/p>\n<p>Un ministru care vede \u00een sindicate o piedic\u0103 ce trebuie eliminat\u0103 este incompatibil cu func\u021bia public\u0103. Deciziile \u00een educa\u021bie se iau prin dialog, nu se impun prin dictat.<\/p>\n<p>\u00cen consecin\u021b\u0103, solicit\u0103m public demiterea domnului Daniel David din func\u021bia de ministru al educa\u021biei. Nu putem accepta un \u201epartener\u201d de dialog care planific\u0103 reformarea mi\u0219c\u0103rii sindicale pentru a o transforma \u00eentr-o structur\u0103 obedient\u0103&#8221;, au mai transmis reprezentan\u021bii celor dou\u0103 confedera\u021bii sindicale.<\/p>\n<p>\u00a0<\/p>","protected":false},"excerpt":{"rendered":"<p>&#8222;Federa\u021bia Sindicatelor Libere din \u00cenv\u0103\u021b\u0103m\u00e2nt (FSLI) \u0219i Federa\u021bia Sindicatelor din Educa\u021bie \u201eSPIRU HARET\u201d reac\u021bioneaz\u0103 ferm&hellip;<\/p>\n","protected":false},"author":0,"featured_media":49786,"comment_status":"open","ping_status":"open","sticky":false,"template":"","format":"standard","meta":{"footnotes":""},"categories":[3],"tags":[],"class_list":["post-49785","post","type-post","status-publish","format-standard","has-post-thumbnail","hentry","category-politica"],"_links":{"self":[{"href":"https:\/\/247stiri.ro\/index.php\/wp-json\/wp\/v2\/posts\/49785","targetHints":{"allow":["GET"]}}],"collection":[{"href":"https:\/\/247stiri.ro\/index.php\/wp-json\/wp\/v2\/posts"}],"about":[{"href":"https:\/\/247stiri.ro\/index.php\/wp-json\/wp\/v2\/types\/post"}],"replies":[{"embeddable":true,"href":"https:\/\/247stiri.ro\/index.php\/wp-json\/wp\/v2\/comments?post=49785"}],"version-history":[{"count":0,"href":"https:\/\/247stiri.ro\/index.php\/wp-json\/wp\/v2\/posts\/49785\/revisions"}],"wp:featuredmedia":[{"embeddable":true,"href":"https:\/\/247stiri.ro\/index.php\/wp-json\/wp\/v2\/media\/49786"}],"wp:attachment":[{"href":"https:\/\/247stiri.ro\/index.php\/wp-json\/wp\/v2\/media?parent=49785"}],"wp:term":[{"taxonomy":"category","embeddable":true,"href":"https:\/\/247stiri.ro\/index.php\/wp-json\/wp\/v2\/categories?post=49785"},{"taxonomy":"post_tag","embeddable":true,"href":"https:\/\/247stiri.ro\/index.php\/wp-json\/wp\/v2\/tags?post=49785"}],"curies":[{"name":"wp","href":"https:\/\/api.w.org\/{rel}","templated":true}]}}