{"id":49791,"date":"2025-12-05T10:45:15","date_gmt":"2025-12-05T10:45:15","guid":{"rendered":"https:\/\/247stiri.ro\/index.php\/2025\/12\/05\/centrala-electrica-de-la-brazi-repornita-partial-de-cand-ar-urma-sa-functioneze-la-capacitate-maxima-video\/"},"modified":"2025-12-05T10:45:15","modified_gmt":"2025-12-05T10:45:15","slug":"centrala-electrica-de-la-brazi-repornita-partial-de-cand-ar-urma-sa-functioneze-la-capacitate-maxima-video","status":"publish","type":"post","link":"https:\/\/247stiri.ro\/index.php\/2025\/12\/05\/centrala-electrica-de-la-brazi-repornita-partial-de-cand-ar-urma-sa-functioneze-la-capacitate-maxima-video\/","title":{"rendered":"Centrala electric\u0103 de la Brazi, repornit\u0103 par\u021bial. De c\u00e2nd\u00a0 ar urma s\u0103 func\u021bioneze la capacitate maxim\u0103 VIDEO"},"content":{"rendered":"<p>Brazi. Centrala a fost repornit\u0103 ast\u0103zi, \u00eencep\u00e2nd cu ora 07:00. Prima turbin\u0103 pe gaz, cu o putere instalat\u0103 de aproape 300MW, a fost integrat\u0103 \u00een SEN la ora 11:30.<\/p>\n\n<p>Centrala electric\u0103 Brazi a OMV Petrom, oprit\u0103 duminic\u0103 din cauza problemelor critice la lacul de acumulare Paltinu, a fost repornit\u0103 par\u021bial, urm\u00e2nd ca pe 6 decembrie, \u00eencep\u00e2nd cu ora 13:00, s\u0103 func\u021bioneze din nou la capacitate maxim\u0103.<\/p>\n<p>Oprirea neplanificat\u0103 a fost cauzat\u0103 de debitul sc\u0103zut \u0219i restric\u021biile de ap\u0103 tehnologic\u0103, factori afla\u021bi \u00een afara controlului companiei, potrivit OMV Petrom. Criza a pornit de la o defec\u021biune la Barajul Paltinu, care a necesitat golirea controlat\u0103 a lacului, urmat\u0103 de cre\u0219terea turbidit\u0103\u021bii apei \u00een urma ploilor abundente.<\/p>\n<p>Aceast\u0103 situa\u021bie a afectat nu doar centrala, care contribuie cu circa 10% la capacitatea de generare a \u021b\u0103rii, dar a l\u0103sat \u0219i peste 100.000 de persoane din 12 localit\u0103\u021bi din Prahova \u0219i D\u00e2mbovi\u021ba f\u0103r\u0103 ap\u0103 potabil\u0103, duc\u00e2nd la oprirea sta\u021biei de tratare Voila.<\/p>\n<p>Pentru a compensa deficitul de produc\u021bie de energie electric\u0103 de la Brazi, autorit\u0103\u021bile au recurs la pornirea grupului 6 pe baz\u0103 de lignit de la termocentrala Rovinari, parte a Complexului Energetic Oltenia.<\/p>","protected":false},"excerpt":{"rendered":"<p>Brazi. Centrala a fost repornit\u0103 ast\u0103zi, \u00eencep\u00e2nd cu ora 07:00. Prima turbin\u0103 pe gaz, cu&hellip;<\/p>\n","protected":false},"author":0,"featured_media":49792,"comment_status":"open","ping_status":"open","sticky":false,"template":"","format":"standard","meta":{"footnotes":""},"categories":[2],"tags":[],"class_list":["post-49791","post","type-post","status-publish","format-standard","has-post-thumbnail","hentry","category-actual"],"_links":{"self":[{"href":"https:\/\/247stiri.ro\/index.php\/wp-json\/wp\/v2\/posts\/49791","targetHints":{"allow":["GET"]}}],"collection":[{"href":"https:\/\/247stiri.ro\/index.php\/wp-json\/wp\/v2\/posts"}],"about":[{"href":"https:\/\/247stiri.ro\/index.php\/wp-json\/wp\/v2\/types\/post"}],"replies":[{"embeddable":true,"href":"https:\/\/247stiri.ro\/index.php\/wp-json\/wp\/v2\/comments?post=49791"}],"version-history":[{"count":0,"href":"https:\/\/247stiri.ro\/index.php\/wp-json\/wp\/v2\/posts\/49791\/revisions"}],"wp:featuredmedia":[{"embeddable":true,"href":"https:\/\/247stiri.ro\/index.php\/wp-json\/wp\/v2\/media\/49792"}],"wp:attachment":[{"href":"https:\/\/247stiri.ro\/index.php\/wp-json\/wp\/v2\/media?parent=49791"}],"wp:term":[{"taxonomy":"category","embeddable":true,"href":"https:\/\/247stiri.ro\/index.php\/wp-json\/wp\/v2\/categories?post=49791"},{"taxonomy":"post_tag","embeddable":true,"href":"https:\/\/247stiri.ro\/index.php\/wp-json\/wp\/v2\/tags?post=49791"}],"curies":[{"name":"wp","href":"https:\/\/api.w.org\/{rel}","templated":true}]}}