{"id":49793,"date":"2025-12-05T10:45:16","date_gmt":"2025-12-05T10:45:16","guid":{"rendered":"https:\/\/247stiri.ro\/index.php\/2025\/12\/05\/primarul-unei-comune-din-teleorman-plasat-sub-control-judiciar-este-acuzat-ca-ar-fi-acordat-ilegal-ajutoare-sociale\/"},"modified":"2025-12-05T10:45:16","modified_gmt":"2025-12-05T10:45:16","slug":"primarul-unei-comune-din-teleorman-plasat-sub-control-judiciar-este-acuzat-ca-ar-fi-acordat-ilegal-ajutoare-sociale","status":"publish","type":"post","link":"https:\/\/247stiri.ro\/index.php\/2025\/12\/05\/primarul-unei-comune-din-teleorman-plasat-sub-control-judiciar-este-acuzat-ca-ar-fi-acordat-ilegal-ajutoare-sociale\/","title":{"rendered":"Primarul unei comune din Teleorman, plasat sub control judiciar. Este acuzat c\u0103 ar fi acordat ilegal ajutoare sociale"},"content":{"rendered":"<p>Procurorii din cadrul Direc\u021biei Na\u021bionale Anticorup\u021bie au dispus punerea \u00een mi\u0219care a ac\u021biunii penale \u0219i luarea m\u0103surii controlului judiciar, pentru o durat\u0103 de 60 de zile \u00eencep\u00e2nd cu 4 decembrie 2025, fa\u021b\u0103 de inculpata Ionescu Violeta C\u0103t\u0103lina, primar al comunei Olteni, Teleorman, pentru s\u0103v\u00e2r\u0219irea a dou\u0103 infrac\u021biuni de abuz \u00een serviciu \u00een form\u0103 continuat\u0103.<\/p>\n<p>De asemenea, a fost pus\u0103 sub ac\u021biune penal\u0103 \u0219i Dima Adriana-Cornelia, inspector \u00een cadrul Prim\u0103riei Olteni, sub acuza\u021bia de complicitate la abuz \u00een serviciu.<\/p>\n<p>S-a stabilit c\u0103, \u00een perioada 2024\u20132025, primarul Ionescu, cu \u00eenc\u0103lcarea dispozi\u021biilor legale, nu ar fi \u00eendeplinit o serie de atribu\u021bii \u00een domeniul acord\u0103rii ajutoarelor sociale.<\/p>\n<p>Printre acestea se num\u0103r\u0103 ne\u00eentocmirea anual\u0103 a planului de ac\u021biuni\/lucr\u0103ri de interes local, ne\u021binerea eviden\u021bei orelor de munc\u0103 prestate de beneficiarii ap\u021bi de munc\u0103, neafi\u0219area lunar\u0103 a listelor \u0219i situa\u021biilor de lucru \u0219i, cel mai important, nerespectarea obliga\u021biei de a dispune suspendarea sau \u00eencetarea ajutoarelor sociale \u00een cazul beneficiarilor care nu \u0219i-au \u00eendeplinit obliga\u021bia de a presta activit\u0103\u021bi\/lucr\u0103ri de interes local pe o perioad\u0103 mai mare de 30 de zile.<\/p>\n<p>Prin aceste nereguli, bugetul de stat ar fi fost prejudiciat cu suma de 2.213.112 lei, reprezent\u00e2nd sume pl\u0103tite ilegal cu titlu de venit minim de incluziune.<\/p>\n<p>O a doua acuza\u021bie se refer\u0103 la perioada februarie \u2013 decembrie 2021, c\u00e2nd inculpata Ionescu Violeta C\u0103t\u0103lina, beneficiind de ajutorul colegei sale, Dima Adriana-Cornelia, ar fi cheltuit din bugetul prim\u0103riei suma de 403.847 lei pentru achizi\u021bia de bunuri care nu erau necesare unit\u0103\u021bii administrativ-teritoriale \u0219i care nu erau \u00een interesul activit\u0103\u021bii prim\u0103riei.<\/p>\n<p>Aceste achizi\u021bii au fost efectuate \u00een timp ce UAT Comuna Olteni \u00eenregistra deja pl\u0103\u021bi restante semnificative, valoarea acestora ajung\u00e2nd la finalul anului 2021 la peste 1.8 milioane de lei.<\/p>\n<p>Ca urmare a autoriz\u0103rilor legale, \u00een cursul zilei de 4 decembrie 2025, au fost efectuate perchezi\u021bii \u00een \u0219ase loca\u021bii din Teleorman, inclusiv la sediul prim\u0103riei \u0219i la domiciliul prim\u0103ri\u021bei Ionescu, de unde au fost ridicate sume considerabile \u00een vederea sechestrului asigurator: 251.860 euro, 90.100 lei \u0219i 320 dolari.<\/p>\n<p>Pe durata controlului judiciar, inculpata Ionescu Violeta C\u0103t\u0103lina trebuie s\u0103 respecte o serie de obliga\u021bii, printre care prezentarea la organul de urm\u0103rire penal\u0103 \u0219i interdic\u021bia de a p\u0103r\u0103si Rom\u00e2nia f\u0103r\u0103 acordul procurorilor DNA. De asemenea, i s-a interzis explicit s\u0103 exercite func\u021bia de primar al comunei Olteni, fiind avertizat\u0103 c\u0103 nerespectarea obliga\u021biilor atrage \u00eenlocuirea m\u0103surii cu arestul la domiciliu sau arestarea preventiv\u0103.<\/p>","protected":false},"excerpt":{"rendered":"<p>Procurorii din cadrul Direc\u021biei Na\u021bionale Anticorup\u021bie au dispus punerea \u00een mi\u0219care a ac\u021biunii penale \u0219i&hellip;<\/p>\n","protected":false},"author":0,"featured_media":49794,"comment_status":"open","ping_status":"open","sticky":false,"template":"","format":"standard","meta":{"footnotes":""},"categories":[2],"tags":[],"class_list":["post-49793","post","type-post","status-publish","format-standard","has-post-thumbnail","hentry","category-actual"],"_links":{"self":[{"href":"https:\/\/247stiri.ro\/index.php\/wp-json\/wp\/v2\/posts\/49793","targetHints":{"allow":["GET"]}}],"collection":[{"href":"https:\/\/247stiri.ro\/index.php\/wp-json\/wp\/v2\/posts"}],"about":[{"href":"https:\/\/247stiri.ro\/index.php\/wp-json\/wp\/v2\/types\/post"}],"replies":[{"embeddable":true,"href":"https:\/\/247stiri.ro\/index.php\/wp-json\/wp\/v2\/comments?post=49793"}],"version-history":[{"count":0,"href":"https:\/\/247stiri.ro\/index.php\/wp-json\/wp\/v2\/posts\/49793\/revisions"}],"wp:featuredmedia":[{"embeddable":true,"href":"https:\/\/247stiri.ro\/index.php\/wp-json\/wp\/v2\/media\/49794"}],"wp:attachment":[{"href":"https:\/\/247stiri.ro\/index.php\/wp-json\/wp\/v2\/media?parent=49793"}],"wp:term":[{"taxonomy":"category","embeddable":true,"href":"https:\/\/247stiri.ro\/index.php\/wp-json\/wp\/v2\/categories?post=49793"},{"taxonomy":"post_tag","embeddable":true,"href":"https:\/\/247stiri.ro\/index.php\/wp-json\/wp\/v2\/tags?post=49793"}],"curies":[{"name":"wp","href":"https:\/\/api.w.org\/{rel}","templated":true}]}}