{"id":49805,"date":"2025-12-05T11:45:48","date_gmt":"2025-12-05T11:45:48","guid":{"rendered":"https:\/\/247stiri.ro\/index.php\/2025\/12\/05\/sute-de-credinciosi-s-au-rugat-la-moastele-sfantului-nicolae-asezate-pana-sambata-la-biserica-ce-ii-poarta-numele-in-braila\/"},"modified":"2025-12-05T11:45:48","modified_gmt":"2025-12-05T11:45:48","slug":"sute-de-credinciosi-s-au-rugat-la-moastele-sfantului-nicolae-asezate-pana-sambata-la-biserica-ce-ii-poarta-numele-in-braila","status":"publish","type":"post","link":"https:\/\/247stiri.ro\/index.php\/2025\/12\/05\/sute-de-credinciosi-s-au-rugat-la-moastele-sfantului-nicolae-asezate-pana-sambata-la-biserica-ce-ii-poarta-numele-in-braila\/","title":{"rendered":"Sute de credincio\u0219i s-au rugat la moa\u0219tele Sf\u00e2ntului Nicolae, a\u0219ezate p\u00e2n\u0103 s\u00e2mb\u0103t\u0103 la biserica ce \u00eei poart\u0103 numele, \u00een Br\u0103ila"},"content":{"rendered":"<p>Moa\u0219tele vor r\u0103m\u00e2ne la Br\u0103ila p\u00e2n\u0103 s\u00e2mb\u0103t\u0103<\/p>\n<p class=\"svelte-5f1ucp\">Sute de preo\u021bi \u0219i credincio\u0219i au participat, la Br\u0103ila, la un pelerinaj impresionant, prilejuit de aducerea moa\u0219telor Sf\u00e2ntului Nicolae din Gala\u021bi, procesiunea str\u0103b\u0103t\u00e2nd principalele artere ale ora\u0219ului p\u00e2n\u0103 la biserica dedicat\u0103 sf\u00e2ntului ocrotitor. Atmosfera a fost una de profund\u0103 reculegere, iar sunetul clopotelor \u0219i al c\u00e2nt\u0103rilor biserice\u0219ti a \u00eenso\u021bit drumul moa\u0219telor printre miile de oameni aduna\u021bi pe traseu, scrie <a href=\"https:\/\/click.ro\/actualitate\/national\/sute-de-credinciosi-s-au-rugat-la-moastele-2492108.html\" target=\"_blank\">Click.ro<\/a>.<\/p>\n<p class=\"svelte-5f1ucp\">Credincio\u0219ii care nu au reu\u0219it s\u0103 participe la procesiune au fost a\u0219tepta\u021bi ulterior la biseric\u0103, unde moa\u0219tele au fost a\u0219ezate spre \u00eenchinare. Oamenii au stat la cozi timp de mai multe ore pentru a se ruga \u0219i pentru a primi binecuv\u00e2ntare, cu speran\u021ba unui an mai bun. Moa\u0219tele vor r\u0103m\u00e2ne la Br\u0103ila p\u00e2n\u0103 s\u00e2mb\u0103t\u0103, ziua \u00een care este s\u0103rb\u0103torit Sf\u00e2ntul Nicolae, evenimentul religios marc\u00e2nd totodat\u0103 \u0219i \u00eenceputul simbolic al s\u0103rb\u0103torilor de iarn\u0103.<\/p>\n<p>Via\u021ba Sf\u00e2ntului Nicolae<\/p>\n<p>Sf\u00e2ntul Nicolae s-a n\u0103scut \u00een provincia Licia (Lichia) din sudul Asiei Mici (Turcia de azi), \u00een ora\u0219ul Patara. A fost unicul fiu al unei familii foarte \u00eenst\u0103rite \u0219i evlavioase.Copil fiind, a dovedit h\u0103rnicie la \u00eenv\u0103\u021b\u0103tur\u0103 \u0219i o via\u021b\u0103 virtuoas\u0103, ceea ce a f\u0103cut ca el s\u0103 creasc\u0103 duhovnice\u0219te \u0219i \u00een \u00een\u021belepciune cre\u0219tin\u0103. Nu avea \u00eenc\u0103 v\u00e2rsta judec\u0103\u021bii, c\u00e2nd el s-a deprins cu rug\u0103ciunea \u0219i \u00eenfr\u00e2narea, virtu\u021bi ce mai t\u00e2rziu i-au potolit patimile trupului \u0219i i-au u\u0219urat des\u0103v\u00e2r\u0219irea sufletului.<\/p>\n<p>A r\u0103mas de timpuriu orfan de ambii p\u0103rin\u021bi. Cel care avea s\u0103 fie o fal\u0103 a cre\u0219tin\u0103t\u0103\u021bii, n-a f\u0103cut precum t\u00e2n\u0103rul risipitor din Sf\u00e2nta Evanghelie, ci, dimpotriv\u0103, \u00eentr-una din zile, a str\u00e2ns \u00een fa\u021ba casei sale pe to\u021bi s\u0103racii \u0219i oropsi\u021bii din acel \u021binut \u0219i le-a d\u0103ruit toate bog\u0103\u021biile mo\u0219tenite, pe care el le socotea a fi de\u0219ert\u0103ciuni, \u0219i L-a urmat pe Domnul Iisus Hristos.<\/p>\n<p>\u00cen auzul evlaviosului Nicolae r\u0103sunau cuvintele M\u00e2ntuitorului: &#8222;Vinde toate c\u00e2te ai \u0219i \u00eemparte la s\u0103raci \u0219i vei avea comoar\u0103 \u00een ceruri.&#8221; (Luca 18, 22). \u015ei ca s\u0103 se apropie \u0219i mai mult de Acesta, el s-a \u00eendreptat spre \u0162ara Sf\u00e2nt\u0103, dornic s\u0103 calce pe drumurile sfin\u021bite de pa\u0219ii M\u00e2ntuitorului \u0219i ai ucenicilor Lui, astfel s\u0103 se \u00eent\u0103reasc\u0103 \u0219i mai mult \u00een credin\u021b\u0103.<\/p>\n<p>T\u00e2n\u0103r fiind, face mai multe pelerinaje \u00een Palestina \u0219i Egipt. Nu se \u0219tie dac\u0103 a fost ales episcop \u00een cetatea Mira, la cererea credincio\u0219ilor, care r\u0103m\u0103seser\u0103 f\u0103r\u0103 pastor, dar conform tradi\u021biei aceasta s-a \u00eent\u00e2mplat \u00eenainte de a fi \u00eenchis, \u00een timpul persecu\u021biilor lui Diocle\u021bian. A fost eliberat dup\u0103 urcarea pe tron a Sf\u00e2ntului Constantin.<\/p>\n<p>Ap\u0103r\u0103tor al ortodoxiei<\/p>\n<p>Sf\u00e2ntul mai este cunoscut \u0219i ca ap\u0103r\u0103tor al Ortodoxiei \u00eempotriva arienilor. Conform tradi\u021biei, a fost prezent la Sinodul de la Niceea, de\u0219i numele s\u0103u nu apare \u00een documentele din acea perioad\u0103. A trecut la Domnul pedata de \u0219ase decembrie, c\u00e2ndva \u00eentre anii 342 \u0219i 352.<\/p>\n<p><a href=\"https:\/\/www.realitatea.net\/stiri\/actual\/sarbatoare-mare-pe-6-decembrie-cine-este-mos-nicolae-si-de-ce-este-atat-de-asteptata-aceasta-sarbatoare-lucruri-mai-putin-cunoscute-despre-sfantul-asteatat-de-toti-copiii_693120f2000a815b5c4ce552\" target=\"_blank\">S\u0103rb\u0103toare mare pe 6 decembrie. Cine a fost Mo\u0219 Nicolae \u0219i de ce este at\u00e2t de popular? Lucruri mai pu\u021bin cunoscute despre sf\u00e2ntul a\u0219teptat de to\u021bi copiii<\/a><\/p>","protected":false},"excerpt":{"rendered":"<p>Moa\u0219tele vor r\u0103m\u00e2ne la Br\u0103ila p\u00e2n\u0103 s\u00e2mb\u0103t\u0103 Sute de preo\u021bi \u0219i credincio\u0219i au participat, la&hellip;<\/p>\n","protected":false},"author":0,"featured_media":49797,"comment_status":"open","ping_status":"open","sticky":false,"template":"","format":"standard","meta":{"footnotes":""},"categories":[2],"tags":[],"class_list":["post-49805","post","type-post","status-publish","format-standard","has-post-thumbnail","hentry","category-actual"],"_links":{"self":[{"href":"https:\/\/247stiri.ro\/index.php\/wp-json\/wp\/v2\/posts\/49805","targetHints":{"allow":["GET"]}}],"collection":[{"href":"https:\/\/247stiri.ro\/index.php\/wp-json\/wp\/v2\/posts"}],"about":[{"href":"https:\/\/247stiri.ro\/index.php\/wp-json\/wp\/v2\/types\/post"}],"replies":[{"embeddable":true,"href":"https:\/\/247stiri.ro\/index.php\/wp-json\/wp\/v2\/comments?post=49805"}],"version-history":[{"count":0,"href":"https:\/\/247stiri.ro\/index.php\/wp-json\/wp\/v2\/posts\/49805\/revisions"}],"wp:featuredmedia":[{"embeddable":true,"href":"https:\/\/247stiri.ro\/index.php\/wp-json\/wp\/v2\/media\/49797"}],"wp:attachment":[{"href":"https:\/\/247stiri.ro\/index.php\/wp-json\/wp\/v2\/media?parent=49805"}],"wp:term":[{"taxonomy":"category","embeddable":true,"href":"https:\/\/247stiri.ro\/index.php\/wp-json\/wp\/v2\/categories?post=49805"},{"taxonomy":"post_tag","embeddable":true,"href":"https:\/\/247stiri.ro\/index.php\/wp-json\/wp\/v2\/tags?post=49805"}],"curies":[{"name":"wp","href":"https:\/\/api.w.org\/{rel}","templated":true}]}}