{"id":49819,"date":"2025-12-05T12:45:13","date_gmt":"2025-12-05T12:45:13","guid":{"rendered":"https:\/\/247stiri.ro\/index.php\/2025\/12\/05\/centrala-electrica-de-la-brazi-repornita-partial-ministrul-energiei-incepe-sa-injecteze-300-mw-in-sistemul-energetic-national\/"},"modified":"2025-12-05T12:45:13","modified_gmt":"2025-12-05T12:45:13","slug":"centrala-electrica-de-la-brazi-repornita-partial-ministrul-energiei-incepe-sa-injecteze-300-mw-in-sistemul-energetic-national","status":"publish","type":"post","link":"https:\/\/247stiri.ro\/index.php\/2025\/12\/05\/centrala-electrica-de-la-brazi-repornita-partial-ministrul-energiei-incepe-sa-injecteze-300-mw-in-sistemul-energetic-national\/","title":{"rendered":"Centrala electric\u0103 de la Brazi, repornit\u0103 par\u021bial. Ministrul Energiei: \u201e\u00cencepe s\u0103 injecteze 300 MW \u00een Sistemul Energetic Na\u021bional\u201d"},"content":{"rendered":"<p>\u201eCentrala Brazi a fost repornit\u0103. \u00cencepe s\u0103 injecteze 300 de MW \u00een Sistemul Energetic Na\u021bional\u00a0\u0219i, pe aceast\u0103 cale, vreau s\u0103-i asigur pe to\u021bi oamenii (\u2026)\u00a0c\u0103 Rom\u00e2nia este \u00een siguran\u021b\u0103, avem suficient\u0103 energie pentru pia\u021ba de energie din \u021bara noastr\u0103.\u00a0\u00cen aceast\u0103 perioad\u0103, ce n-am putut s\u0103 gener\u0103m de la aceast\u0103 central\u0103 pe gaz,\u00a0am compensat din centralele pe c\u0103rbune de la Complexul Energetic Oltenia.\u00a0Putem s\u0103 pornim din nou aceast\u0103 central\u0103\u201d, a spus ministrul Energiei.\u00a0<\/p>\n<p>Unitatea, ce a trecut recent printr-o oprire temporar\u0103 din cauza lipsei apei tehnologice necesare r\u0103cirii turbinelor, \u00eencepe s\u0103 furnizeze 300 MW \u00een Sistemul Energetic Na\u021bional, asigur\u00e2nd astfel o parte semnificativ\u0103 din necesarul de energie al \u021b\u0103rii.\u200b<\/p>\n<p>Ministrul Energiei a subliniat c\u0103 \u00een aceast\u0103 perioad\u0103, energia care nu a putut fi generat\u0103 la Brazi a fost compensat\u0103 din centralele pe c\u0103rbune ale Complexului Energetic Oltenia, Rom\u00e2nia men\u021bin\u00e2ndu-\u0219i astfel securitatea energetic\u0103. Brazi va func\u021biona ast\u0103zi la putere redus\u0103, de 300 MW, dup\u0103 ce mar\u021bi fusese oprit\u0103 complet din cauza problemelor din zona Prahovei legate de lipsa apei tehnologice.\u200b<\/p>\n<p>Centrala de la Brazi, operat\u0103 de OMV Petrom, a fost pus\u0103 \u00een func\u021biune \u00een anul 2012 \u00een urma unei investi\u021bii de 530 milioane de euro. Cu o capacitate instalat\u0103 de 860 MW, centrala este compus\u0103 din dou\u0103 turbine pe gaze naturale \u0219i o turbin\u0103 pe abur \u0219i joac\u0103 un rol strategic \u00een sistemul energetic na\u021bional.<\/p>","protected":false},"excerpt":{"rendered":"<p>\u201eCentrala Brazi a fost repornit\u0103. \u00cencepe s\u0103 injecteze 300 de MW \u00een Sistemul Energetic Na\u021bional\u00a0\u0219i,&hellip;<\/p>\n","protected":false},"author":0,"featured_media":49820,"comment_status":"open","ping_status":"open","sticky":false,"template":"","format":"standard","meta":{"footnotes":""},"categories":[2],"tags":[],"class_list":["post-49819","post","type-post","status-publish","format-standard","has-post-thumbnail","hentry","category-actual"],"_links":{"self":[{"href":"https:\/\/247stiri.ro\/index.php\/wp-json\/wp\/v2\/posts\/49819","targetHints":{"allow":["GET"]}}],"collection":[{"href":"https:\/\/247stiri.ro\/index.php\/wp-json\/wp\/v2\/posts"}],"about":[{"href":"https:\/\/247stiri.ro\/index.php\/wp-json\/wp\/v2\/types\/post"}],"replies":[{"embeddable":true,"href":"https:\/\/247stiri.ro\/index.php\/wp-json\/wp\/v2\/comments?post=49819"}],"version-history":[{"count":0,"href":"https:\/\/247stiri.ro\/index.php\/wp-json\/wp\/v2\/posts\/49819\/revisions"}],"wp:featuredmedia":[{"embeddable":true,"href":"https:\/\/247stiri.ro\/index.php\/wp-json\/wp\/v2\/media\/49820"}],"wp:attachment":[{"href":"https:\/\/247stiri.ro\/index.php\/wp-json\/wp\/v2\/media?parent=49819"}],"wp:term":[{"taxonomy":"category","embeddable":true,"href":"https:\/\/247stiri.ro\/index.php\/wp-json\/wp\/v2\/categories?post=49819"},{"taxonomy":"post_tag","embeddable":true,"href":"https:\/\/247stiri.ro\/index.php\/wp-json\/wp\/v2\/tags?post=49819"}],"curies":[{"name":"wp","href":"https:\/\/api.w.org\/{rel}","templated":true}]}}