{"id":49829,"date":"2025-12-05T13:45:31","date_gmt":"2025-12-05T13:45:31","guid":{"rendered":"https:\/\/247stiri.ro\/index.php\/2025\/12\/05\/ilie-bolojan-despre-criza-din-prahova-diseara-oamenii-vor-avea-apa-potabila-in-case-live-text\/"},"modified":"2025-12-05T13:45:31","modified_gmt":"2025-12-05T13:45:31","slug":"ilie-bolojan-despre-criza-din-prahova-diseara-oamenii-vor-avea-apa-potabila-in-case-live-text","status":"publish","type":"post","link":"https:\/\/247stiri.ro\/index.php\/2025\/12\/05\/ilie-bolojan-despre-criza-din-prahova-diseara-oamenii-vor-avea-apa-potabila-in-case-live-text\/","title":{"rendered":"Ilie Bolojan, despre criza din PRahova: \u201eDisear\u0103 oamenii vor avea ap\u0103 potabil\u0103 \u00een case \u201d LIVE TEXT"},"content":{"rendered":"<p>UPDATE \u00cen mod cert, pentru a avea o \u021bar\u0103 care se dezvolt\u0103, trebuie s\u0103 fie \u00een siguran\u021b\u0103, ceea ce Rom\u00e2nia este. S\u0103 avem economie func\u021bional\u0103, discipin\u0103 fiscale, \u021bi buna guvernare, care va fi legat\u0103 de rezultate care se reflect\u0103 \u00een via\u021ba cet\u0103\u021benilor.<\/p>\n<p>UPDATE Soliditatea Coali\u021biei va fi testat\u0103 pe un subiect la mo\u021biune. M\u0103 bazez c\u0103 avem cu to\u021bii o responsabilitatea iar stabilitatea politic\u0103 \u021bine de ratingul Rom\u00e2niei \u0219i de a putea ie\u0219i din situa\u021bia economic\u0103. LA decizia \u00ceCCJ, e decizia lor. Eu cred c\u0103 aceste legi respect\u0103 prevederile. Dac\u0103 data trecut s-a considerat c\u0103 perioada de 10 zile nu a fost suficient\u0103, am respectat avizare, dac\u0103 aceste aspecte nu mai sunt de actualitate. Sper s\u0103 se ajung\u0103 la concluzia unei echit\u0103\u021bi. Deciziile luate pentru 2026 \u00een toate domeniilor nu pot fi schimbate cat timp nu exista spa\u021bii fiscale. Dac\u0103 anul viitor, constr\u00e2ngerile pot fi evaluate. Dar nu mi se pare normal s\u0103 crea a\u0219tept\u0103ri greu de estimat azi.<\/p>\n<p>UPDATE Nu \u0219tiu ce spate politic are domnul de la ESZ. Daca avem mul\u021bi oameni, cre\u0219te riscul. Existen\u021ba mai multor operatori a dus la aceast\u0103 criz\u0103. Cred c\u0103 trebuie simplificate lucrurile, iar companie care administreaz\u0103 re\u021belele, ar trebuie s\u0103 preia \u0219i activit\u0103\u021bile, A\u0219a cum \u00een alte jude\u021be se poate, \u0219i la Prahova se poate acest lucru. Din discu\u021bie cu pre\u0219edintele CJ Prahova s-a discutat preluarea de c\u0103tre Hidroprahova a activit\u0103\u021bii ESZ.<\/p>\n<p>UPDATE NU voi da azi un r\u0103spuns, dar din experien\u021b\u0103 spun c\u0103 institu\u021biile primesc inform\u0103ri, iar ministrul care are subalterni care au solu\u021bii, iar ea nu \u00ee\u0219i poate asuma responsabilitatea pentru alte persoane de specialitate NU e suficient s\u0103 vii cu o informare, ci trebuie s\u0103 iei m\u0103suri. Aici, decizia a fost la Apele Rom\u00e2ne. Rezolvarea problemelor nu se face dec\u00e2t prin asumarea r\u0103spunderii.<\/p>\n<p>UPDATE Permanent e nevoie s\u0103 asiguri \u00eentre\u021binerea, iar dac\u0103 nu o faci serios, ajungi la astfel de situa\u021bii. \u00ce\u021bi calculezi riscurile, anun\u021bi oamenii. E ca o opera\u021bie pe care o faci programat. Riscurile sunt mai mici, costurile la fel. \u00cen afar\u0103 de fuga de r\u0103spundere, f\u0103r\u0103 s\u0103 dau note, \u00een mod evident cei care au decis s\u0103 ia aceste m\u0103suri, comunic\u00e2nd c\u0103 nu vor fi probleme, \u00eenseamn\u0103 c\u0103 vorbim de zona de competen\u021b\u0103 a Apele Rom\u00e2ne. Se cuvine s\u0103\u00a0 mul\u021bumesc tuturor celor care au dat o m\u00e2n\u0103 de ajutor zilele acestea. Din aceast\u0103 sear\u0103 t\u00e2rziu oamenii vor avea ap\u0103.<\/p>\n<p>UPDATE Vinova\u021bii trebuie s\u0103 pl\u0103teasc\u0103 pentru prejudicii. Lucr\u0103rile de acest tip se fac peste tot pentru c\u0103 aceste baraje au nevoie de \u00eentre\u021binere, dar se iau m\u0103suri, se analizeaz\u0103 alte surse care s\u0103 \u00eenlocuiasc\u0103 temporar. Oamenii sunt anun\u021ba\u021bi, nu se trezesc seara f\u0103r\u0103 ap\u0103 \u00een cas\u0103.<\/p>\n<p>UPDATE C\u00e2nd din cauza unor decizii pentru care nu se iau m\u0103suri \u0219i nu se anticipeaz\u0103, trebuie s\u0103 clarific\u0103m toate procedurile, ca a\u0219a ceva s\u0103 nu se mai \u00eent\u00e2mpl\u0103, pentru cu asta \u00eenseamn\u0103 institu\u021bii care nu colaboreaz\u0103 \u0219i care nu anticipeaz\u0103, sisteme care se dovedesc pu\u021bin func\u021bional\u0103. La Prahova au mai mul\u021bi operatori dec\u00e2t toate jude\u021bele. Au o societate de exploatare a sistemului zonal, care o trateaz\u0103 \u0219i o mai transport\u0103 pu\u021bin. Au Hidroprahova \u0219i un operator pentru apa din jude\u021b. Acestea sunt la distan\u021be mici, deficitul dintr-o re\u021bea poate fi compensat, dar e nevoie s\u0103 colabor\u0103m. \u00cen raportul de la Min Mediului nu apar date de la ESZ Prahova \u0219i i-am cerut s\u0103 completeze raportul, ca cel mai t\u00e2rziu miercuri s\u0103 spunem cine sunt responsabilii.<\/p>\n<p>UPDATE Prahova Principala urgen\u021b\u0103 e s\u0103 relu\u0103m furnizarea de ap\u0103 potabil\u0103 pentru oameni \u0219i agen\u021bii economici, a c\u0103ror blocare ne poate crea alte costuri. \u00cempreun\u0103 cu autorit\u0103\u021bile din Prahova, de to\u021bi cei implica\u021bi am lucrat s\u0103 realiment\u0103m oamenii. Am convenit ca in aceasta dup\u0103 amiaza sa fie convocat Comitetul Pentru Situa\u021bii si de Urgent\u0103 ca din aceasta seara sa fie reluat\u0103 alimentarea cu ap\u0103. Nu se va vedea imediat peste tot, ci treptat. Am mandata reprezentat s\u0103 voteze pentru aceast\u0103 reluare, pentru ca oamenii s\u0103 aib\u0103 acces la ap\u0103 c\u00e2t mai repede. Dup\u0103 ce s-a furnizat ap\u0103 care nu are concentra\u021bie de n\u0103mol, dup\u0103 ce a ajuns \u00eenb rezervoarele operatorului este nevoie de 72 de ore ca s\u0103 vedem dac\u0103 apa e potabil\u0103. Am mandatat ca \u0219i \u00een zilele urm\u0103toare s\u0103 se asigure sus\u021binerea aclor localit\u0103\u021bi pentru alimentarea cu ap\u0103 potabil\u0103 prin rezervele de stat.<\/p>\n<p>UPDATE 15:13 &#8211; Am avut mai multe proiecte \u00een \u0219edin\u021ba de guvern. Avem de absorbit p\u00e2n\u0103 \u00een august 2026 aproape 10 mld de euro, iar acest OUG \u00eenchide toate problemele. A doua OUG este cea a petrolului unde se clarific\u0103 cum se aplic\u0103 sanc\u021biunile interna\u021bionale la explorare \u0219i exploatare a resurselor astfel \u00eenc\u00e2t s\u0103 fie protejate interesele Rom\u00e2niei. Pe componenta de sanc\u021biuni s-a prelungit p\u00e2n\u0103 \u00een prim\u0103var\u0103 anului viitor, dar acest proiect e important. Creeaz\u0103 un cadru legal prin care interesele noastre sunt protejate la exploat\u0103ri de gaz si petrol. Memorandumul privind reforma de stat. Am f\u0103cut o analiz\u0103, avem nu doar n i\u0219te jaloane din PNRR, ci un interes legitim ca marile companii de stat s\u0103 fie mia bine conduse. Prin memorandum se definesc mai bine rolurile, ca s\u0103 spunem care vor di listate la burs\u0103, care vor fi \u00eenchise, reorganizate. Sunt un num\u0103r de 17 companii care au fost comunicate de ministere. Compania Tarom, Metrorex, CFR, CFR C\u0103l\u0103tori, LEcen Bucuyresti, Coplmpelzul ValeaJiului si CE Oltenia. Am vrea ca bugetele s\u0103 nu mai fie aprobate mai t\u00e2rzui de aprobarea bugetului de stat, s\u0103 aib\u0103 un parcurs clar pentru crestarea performan\u021belor.<\/p>\n<p>\u00a0<\/p>\n<p>UPDATE 15:00 &#8211; Am avut o deplasare \u00een Ungaria \u0219i Austria. La Viena am discutat aspecte de politic\u0103 general\u0103, componenta de investi\u021bii \u0219i economie, am apreciat delega\u021bia de companii rom\u00e2ne\u0219ti. C\u00e2nd intri pe pie\u021bele mature e dificil. Le sunt recunosc\u0103tor companiilor rom\u00e2ne\u0219ti care intr\u0103 \u00een Europa. Vrem s\u0103 le sprijinim \u0219i s\u0103 avem campioni regionali cu sediul \u00een Rom\u00e2nia. Fiecare rom\u00e2n care se integreaz\u0103 \u00een Austria face cinste \u021b\u0103rii. La \u00eengrijirea b\u0103tr\u00e2nilor \u0219i-n construc\u021bii sunt cei mai mul\u021bi. Un alt subiect important a fost aderarea Rom\u00e2niei la OCDE. Ne propunem ca aul viitor s\u0103 intr\u0103m, iar \u00een ianuarie avem comitet de afaceri fiscale \u0219i avem sprijinul Austriei \u0219i Ungariei. Obiectivul nostru este s\u0103 avem energie la un pre\u021b bun. Avem un plan de m\u0103suri care \u021bin \u0219i de colaborarea cu Austria \u0219i Ungaria. Trebuie s\u0103 cre\u0219tem capacitatea de produc\u021bie de energie, pentru c\u0103 avem perioade \u00een care import\u0103m energie. Iernut, \u00een Mure\u0219, este un proiect important. Avem nevoie \u0219i de cre\u0219terea capacit\u0103\u021bii de stocare. Vom asigura co-finan\u021b\u0103ri, ca atunci c\u00e2nd avem energie \u00een plus, s\u0103 stoc\u0103m. Un punct importante este interconectarea cu Austria \u0219i Ungaria. Sunt perioade c\u00e2nd avem surplus de energie pe care l-am putea exporta, iar la import, o putem face la pre\u021buri mai bune. Rom\u00e2nia Ungaria Austria trebuie s\u0103 aib\u0103 rela\u021bii de interconectare. Preg\u0103tim un memorandum \u00eentre Rom\u00e2nia Ungaria, vom construi re\u021bele \u00eenspre nord vestul Rom\u00e2niei. Avem disponibilitatea din partea Austriei s\u0103 cre\u0219tem capacitatea de transport, optimiz\u00e2nd pre\u021bul energiei.\u00a0<\/p>\n<p>\u00a0<\/p>\n<p>De\u015fi tematica nu a fost anun\u0163at\u0103 oficial de c\u0103tre reprezentan\u0163ii Executivului, declara\u0163iile vin la scurt timp dup\u0103 ce Sec\u0163iile Unite ale \u00cenaltei Cur\u0163i de Casa\u0163ie \u015fi Justi\u0163ie au decis sesizarea CCR cu privire la legea privind pensionarea magistra\u0163ilor.<\/p>\n<p>Decizia a fost luat\u0103 cu unanimitate de voturi, respectiv 102 din tot at\u00e2\u0163ia participan\u0163i.<\/p>\n<p>Legea privind pensiile magistra\u0163ilor a mai fost atacat\u0103 la CCR \u015fi a fost declarat\u0103 neconstitu\u0163ional\u0103. \u00cenc\u0103 de atunci s-a pus \u00een discu\u0163ie, inclusiv din cadrul coali\u0163iei, legitimitatea Guvernului, dac\u0103 proiectul nu trece testul constitu\u0163ionalit\u0103\u0163ii.\u00a0<\/p>","protected":false},"excerpt":{"rendered":"<p>UPDATE \u00cen mod cert, pentru a avea o \u021bar\u0103 care se dezvolt\u0103, trebuie s\u0103 fie&hellip;<\/p>\n","protected":false},"author":0,"featured_media":49830,"comment_status":"open","ping_status":"open","sticky":false,"template":"","format":"standard","meta":{"footnotes":""},"categories":[3],"tags":[],"class_list":["post-49829","post","type-post","status-publish","format-standard","has-post-thumbnail","hentry","category-politica"],"_links":{"self":[{"href":"https:\/\/247stiri.ro\/index.php\/wp-json\/wp\/v2\/posts\/49829","targetHints":{"allow":["GET"]}}],"collection":[{"href":"https:\/\/247stiri.ro\/index.php\/wp-json\/wp\/v2\/posts"}],"about":[{"href":"https:\/\/247stiri.ro\/index.php\/wp-json\/wp\/v2\/types\/post"}],"replies":[{"embeddable":true,"href":"https:\/\/247stiri.ro\/index.php\/wp-json\/wp\/v2\/comments?post=49829"}],"version-history":[{"count":0,"href":"https:\/\/247stiri.ro\/index.php\/wp-json\/wp\/v2\/posts\/49829\/revisions"}],"wp:featuredmedia":[{"embeddable":true,"href":"https:\/\/247stiri.ro\/index.php\/wp-json\/wp\/v2\/media\/49830"}],"wp:attachment":[{"href":"https:\/\/247stiri.ro\/index.php\/wp-json\/wp\/v2\/media?parent=49829"}],"wp:term":[{"taxonomy":"category","embeddable":true,"href":"https:\/\/247stiri.ro\/index.php\/wp-json\/wp\/v2\/categories?post=49829"},{"taxonomy":"post_tag","embeddable":true,"href":"https:\/\/247stiri.ro\/index.php\/wp-json\/wp\/v2\/tags?post=49829"}],"curies":[{"name":"wp","href":"https:\/\/api.w.org\/{rel}","templated":true}]}}