{"id":49831,"date":"2025-12-05T13:45:32","date_gmt":"2025-12-05T13:45:32","guid":{"rendered":"https:\/\/247stiri.ro\/index.php\/2025\/12\/05\/ministrul-educatiei-surprins-de-reactia-sindicatelor-dupa-ce-i-au-cerut-demisia-modernizarea-educatiei-nu-inseamna-autoritarism\/"},"modified":"2025-12-05T13:45:32","modified_gmt":"2025-12-05T13:45:32","slug":"ministrul-educatiei-surprins-de-reactia-sindicatelor-dupa-ce-i-au-cerut-demisia-modernizarea-educatiei-nu-inseamna-autoritarism","status":"publish","type":"post","link":"https:\/\/247stiri.ro\/index.php\/2025\/12\/05\/ministrul-educatiei-surprins-de-reactia-sindicatelor-dupa-ce-i-au-cerut-demisia-modernizarea-educatiei-nu-inseamna-autoritarism\/","title":{"rendered":"Ministrul Educa\u021biei, surprins de reac\u021bia sindicatelor, dup\u0103 ce i-au cerut demisia: \u201eModernizarea educa\u021biei nu \u00eenseamn\u0103 autoritarism\u201d"},"content":{"rendered":"<p>\u201eAm remarcat cu surprindere reac\u021bia sindicatelor reprezentative din \u00eenv\u0103\u021b\u0103m\u00e2ntul preuniversitar la unele declara\u021bii pe care le-am f\u0103cut \u00een privin\u021ba moderniz\u0103rii educa\u021biei, consider\u00e2ndu-le exemple de autoritarism\u201d, a precizat Daniel David.<\/p>\n<p>Ministrul a ad\u0103ugat c\u0103, \u201e\u00eentr-o democra\u021bie, rolul sindicatelor \u0219i dreptul lor la diverse forme de protest sunt fundamentale\u201d, insist\u00e2nd asupra respectului s\u0103u fa\u021b\u0103 de drepturile \u0219i opiniile lor.<\/p>\n<p>David a mai spus c\u0103 modernizarea educa\u021biei nu poate fi f\u0103cut\u0103 dec\u00e2t \u201e\u00eentr-un ecosistem complex\u201d, care presupune implicarea profesorilor, p\u0103rin\u021bilor, elevilor \u0219i autorit\u0103\u021bilor.<\/p>\n<p>El a subliniat c\u0103 dialogul dintre minister \u0219i sindicate trebuie s\u0103 fie \u201ebidirec\u021bional\u201d, pentru ca reformele s\u0103 func\u021bioneze corect \u0219i transparent: \u201eColabor\u0103m ca organiza\u021bii independente, dar avem \u0219i puncte de vedere diferite. Comentariile \u0219i propunerile trebuie s\u0103 circule \u00een ambele sensuri, a\u0219a cum se cade \u00eentr-o democra\u021bie.\u201d<\/p>\n<p>Ministrul a \u00eencheiat reafirm\u00e2nd respectul fa\u021b\u0103 de organiza\u021biile sindicale \u0219i deschiderea institu\u021biei pe care o conduce: \u201eMinisterul are deschidere complet\u0103 pentru propunerile sindicatelor care s\u0103 contribuie la buna func\u021bionare \u0219i la modernizarea educa\u021biei.\u201d<\/p>\n<p>Mesajul integral al ministrului Educa\u021biei, Daniel David<\/p>\n<p class=\"rtejustify\">\u201eAm remarcat cu surprindere reac\u021bia sindicatelor repezentative din \u00eenv\u0103\u021b\u0103m\u00e2ntul preuniversitar la unele declara\u021bii pe care le-am f\u0103cut \u00een privin\u021ba moderniz\u0103rii educa\u021biei, consider\u00e2ndu-le exemple de \u201eautoritarism\u201d.<\/p>\n<p class=\"rtejustify\">Ca un democrat convins, cred\u00a0c\u0103 \u00eentr-o democra\u021bie rolul sindicatelor \u0219i dreptul lor la diverse forme de protest sunt fundamentale. Am spus acest lucru mereu, public, \u0219i am fost atent la astfel de mi\u0219c\u0103ri \u0219i de solicit\u0103ri \u00een cadrul lor (\u00een condi\u021biile permise de legisla\u021bie).<\/p>\n<p class=\"rtejustify\">De asemenea, cred c\u0103 educa\u021bia se face \u00eentr-un ecosistem complex, \u00een care sindicatul (ca form\u0103 de organizare) de\u021bine un rol important. \u00centr-adev\u0103r, educa\u021bia se centreaz\u0103 pe elevi\/studen\u021bi, av\u00e2nd ca vectori principali profesorii (sus\u021binu\u021bi de personal de specialitate\/administrativ), cu implicarea p\u0103rin\u021bilor \u0219i cu sus\u021binerea autorit\u0103\u021bilor \u0219i a societ\u0103\u021bii\/mediului socioeconomic.\u00a0Dar mai cred \u0219i c\u0103 \u00eendemnul meu la autoreflec\u021bie, pentru to\u021bi actorii din ecosistem, \u00een contextul nevoii de modernizare a educa\u021biei, este tot democratic, \u00een condi\u021biile \u00een care modernizarea\u00a0educa\u021biei implic\u0103 to\u021bi actorii, inclusiv sindicatele.\u00a0Colabor\u0103m, ca organiza\u021bii\u00a0independente,\u00a0dar avem \u0219i puncte de vedere diferite, comentariile \u0219i propunerile\u00a0\u00een acest proces trebuind s\u0103 func\u021bioneze bidirec\u021bional, a\u0219a cum \u0219tim c\u0103 se cade \u0219i se practic\u0103 \u00eentr-o democra\u021bie.<\/p>\n<p class=\"rtejustify\">A\u0219a cum liderii de sindicat cunosc deja, \u00eei reasigur de respectul meu pentru organiza\u021biile pe care le reprezint\u0103, iar ministerul are deschidere complet\u0103 pentru propuneri ale sindicatelor care s\u0103 contribuie la buna func\u021bionare \u0219i la modernizarea educa\u021biei.\u201d<\/p>","protected":false},"excerpt":{"rendered":"<p>\u201eAm remarcat cu surprindere reac\u021bia sindicatelor reprezentative din \u00eenv\u0103\u021b\u0103m\u00e2ntul preuniversitar la unele declara\u021bii pe care&hellip;<\/p>\n","protected":false},"author":0,"featured_media":49828,"comment_status":"open","ping_status":"open","sticky":false,"template":"","format":"standard","meta":{"footnotes":""},"categories":[2],"tags":[],"class_list":["post-49831","post","type-post","status-publish","format-standard","has-post-thumbnail","hentry","category-actual"],"_links":{"self":[{"href":"https:\/\/247stiri.ro\/index.php\/wp-json\/wp\/v2\/posts\/49831","targetHints":{"allow":["GET"]}}],"collection":[{"href":"https:\/\/247stiri.ro\/index.php\/wp-json\/wp\/v2\/posts"}],"about":[{"href":"https:\/\/247stiri.ro\/index.php\/wp-json\/wp\/v2\/types\/post"}],"replies":[{"embeddable":true,"href":"https:\/\/247stiri.ro\/index.php\/wp-json\/wp\/v2\/comments?post=49831"}],"version-history":[{"count":0,"href":"https:\/\/247stiri.ro\/index.php\/wp-json\/wp\/v2\/posts\/49831\/revisions"}],"wp:featuredmedia":[{"embeddable":true,"href":"https:\/\/247stiri.ro\/index.php\/wp-json\/wp\/v2\/media\/49828"}],"wp:attachment":[{"href":"https:\/\/247stiri.ro\/index.php\/wp-json\/wp\/v2\/media?parent=49831"}],"wp:term":[{"taxonomy":"category","embeddable":true,"href":"https:\/\/247stiri.ro\/index.php\/wp-json\/wp\/v2\/categories?post=49831"},{"taxonomy":"post_tag","embeddable":true,"href":"https:\/\/247stiri.ro\/index.php\/wp-json\/wp\/v2\/tags?post=49831"}],"curies":[{"name":"wp","href":"https:\/\/api.w.org\/{rel}","templated":true}]}}