{"id":49836,"date":"2025-12-05T13:45:34","date_gmt":"2025-12-05T13:45:34","guid":{"rendered":"https:\/\/247stiri.ro\/index.php\/2025\/12\/05\/crima-socanta-in-capitala-un-tanar-de-26-de-ani-si-a-injunghiat-tatal-de-18-ori-agresorul-a-fost-retinut\/"},"modified":"2025-12-05T13:45:34","modified_gmt":"2025-12-05T13:45:34","slug":"crima-socanta-in-capitala-un-tanar-de-26-de-ani-si-a-injunghiat-tatal-de-18-ori-agresorul-a-fost-retinut","status":"publish","type":"post","link":"https:\/\/247stiri.ro\/index.php\/2025\/12\/05\/crima-socanta-in-capitala-un-tanar-de-26-de-ani-si-a-injunghiat-tatal-de-18-ori-agresorul-a-fost-retinut\/","title":{"rendered":"Crim\u0103 \u0219ocant\u0103 \u00een Capital\u0103: un t\u00e2n\u0103r de 26 de ani \u0219i-a \u00eenjunghiat tat\u0103l de 18 ori. Agresorul a fost re\u021binut"},"content":{"rendered":"<p>\u201eLa data de 05.12.2025, procurorii Parchetului de pe l\u00e2ng\u0103 Tribunalul Bucure\u0219ti au pus \u00een mi\u0219care ac\u021biunea penal\u0103 \u00eempotriva unui inculpat (b\u0103rbat \u00een v\u00e2rst\u0103 de 26 de ani), cercetat pentru s\u0103v\u00e2r\u0219irea infrac\u021biunii de violen\u021b\u0103 \u00een familie, \u00een modalitatea omorului calificat, prin cruzimi\u201d, transmite Ministerul Public \u00eentr-un comunicat.<\/p>\n<p>Incidentul s-a petrecut joi diminea\u021b\u0103, 4 decembrie 2025, \u00eentr-o locuin\u021b\u0103 din Sectorul 4, unde tat\u0103l \u0219i fiul au intrat \u00een conflict fizic violent. T\u00e2n\u0103rul a \u00eenceput atacul cu un cu\u021bit, iar dup\u0103 ce victima l-a dezarmat ini\u021bial, a mai luat alte trei cu\u021bite din buc\u0103t\u0103rie, \u00eenjunghiindu-l \u00een cap, g\u00e2t, torace \u0219i bra\u021be. Leziunile grave au provocat decesul victimei la scurt timp.\u200b<\/p>\n<p>\u201eCa urmare a faptului c\u0103 inculpatul i-a aplicat victimei 18 lovituri de cu\u021bit, cauz\u00e2ndu-i multiple pl\u0103gi \u00eenjunghiate, au fost re\u021binute elementele circumstan\u021biale agravante ale infrac\u021biunii de omor \u2013 s\u0103v\u00e2r\u0219irea faptei prin cruzimi.<\/p>\n<p>Fa\u021b\u0103 de inculpat a fost dispus\u0103 m\u0103sura re\u021binerii pentru 24 de ore, iar la data de 05.12.2025 procurorii au sesizat judec\u0103torul de drepturi \u0219i libert\u0103\u021bi din cadrul Tribunalului Bucure\u0219ti cu propunere de arestare preventiv\u0103 pentru 30 de zile\u201d, adaug\u0103 institu\u021bia citat\u0103.<\/p>\n<p>Procurorii Parchetului de pe l\u00e2ng\u0103 Tribunalul Bucure\u0219ti au deschis dosar penal pentru omor calificat prin cruzimi, o agravare a infrac\u021biunii de violen\u021b\u0103 \u00een familie. Inculpatul a fost re\u021binut 24 de ore, iar pe 5 decembrie procurorii au cerut arestare preventiv\u0103 pe 30 de zile de la Tribunalul Bucure\u0219ti.\u200b<\/p>\n<p>Cercet\u0103rile continu\u0103 sub coordonarea Parchetului de pe l\u00e2ng\u0103 Tribunalul Bucure\u0219ti \u0219i a Serviciului Omoruri din cadrul DGPMB.<\/p>","protected":false},"excerpt":{"rendered":"<p>\u201eLa data de 05.12.2025, procurorii Parchetului de pe l\u00e2ng\u0103 Tribunalul Bucure\u0219ti au pus \u00een mi\u0219care&hellip;<\/p>\n","protected":false},"author":0,"featured_media":49837,"comment_status":"open","ping_status":"open","sticky":false,"template":"","format":"standard","meta":{"footnotes":""},"categories":[2],"tags":[],"class_list":["post-49836","post","type-post","status-publish","format-standard","has-post-thumbnail","hentry","category-actual"],"_links":{"self":[{"href":"https:\/\/247stiri.ro\/index.php\/wp-json\/wp\/v2\/posts\/49836","targetHints":{"allow":["GET"]}}],"collection":[{"href":"https:\/\/247stiri.ro\/index.php\/wp-json\/wp\/v2\/posts"}],"about":[{"href":"https:\/\/247stiri.ro\/index.php\/wp-json\/wp\/v2\/types\/post"}],"replies":[{"embeddable":true,"href":"https:\/\/247stiri.ro\/index.php\/wp-json\/wp\/v2\/comments?post=49836"}],"version-history":[{"count":0,"href":"https:\/\/247stiri.ro\/index.php\/wp-json\/wp\/v2\/posts\/49836\/revisions"}],"wp:featuredmedia":[{"embeddable":true,"href":"https:\/\/247stiri.ro\/index.php\/wp-json\/wp\/v2\/media\/49837"}],"wp:attachment":[{"href":"https:\/\/247stiri.ro\/index.php\/wp-json\/wp\/v2\/media?parent=49836"}],"wp:term":[{"taxonomy":"category","embeddable":true,"href":"https:\/\/247stiri.ro\/index.php\/wp-json\/wp\/v2\/categories?post=49836"},{"taxonomy":"post_tag","embeddable":true,"href":"https:\/\/247stiri.ro\/index.php\/wp-json\/wp\/v2\/tags?post=49836"}],"curies":[{"name":"wp","href":"https:\/\/api.w.org\/{rel}","templated":true}]}}