{"id":49927,"date":"2025-12-05T19:45:09","date_gmt":"2025-12-05T19:45:09","guid":{"rendered":"https:\/\/247stiri.ro\/index.php\/2025\/12\/05\/doliu-in-presa-mihai-rosca-fostul-director-general-al-agerpres-s-a-stins-din-viata-la-77-de-ani\/"},"modified":"2025-12-05T19:45:09","modified_gmt":"2025-12-05T19:45:09","slug":"doliu-in-presa-mihai-rosca-fostul-director-general-al-agerpres-s-a-stins-din-viata-la-77-de-ani","status":"publish","type":"post","link":"https:\/\/247stiri.ro\/index.php\/2025\/12\/05\/doliu-in-presa-mihai-rosca-fostul-director-general-al-agerpres-s-a-stins-din-viata-la-77-de-ani\/","title":{"rendered":"Doliu \u00een pres\u0103. Mihai Ro\u0219ca, fostul director general al Agerpres s-a stins din via\u021b\u0103 la 77 de ani"},"content":{"rendered":"<p>Pe 12 decembrie, ar fi \u00eemplinit 78 de ani.El va fi \u00eenmorm\u00e2ntat duminic\u0103, la Cimitirul Bellu din Capital\u0103.Ioan Mihai Ro\u0219ca s-a n\u0103scut pe 12 decembrie 1947.A absolvit Academia de Studii Economice &#8211; Facultatea de Economie General\u0103, \u00een anul 1972, \u0219i cursurile postuniversitare de ziaristic\u0103 ale Academiei &#8222;\u0218tefan Gheorghiu&#8221;.\u00cen anul 1972 a primit reparti\u021bie guvernamental\u0103 la Agen\u021bia Rom\u00e2n\u0103 de Pres\u0103 &#8211; AGERPRES, unde a lucrat ca redactor la Departamentul \u0218tiri Interne \u0219i apoi la Emisia pentru Str\u0103in\u0103tate p\u00e2n\u0103 \u00een mai 1990.\u00cen perioada 1978 &#8211; 1989 a de\u021binut o rubric\u0103 permanent\u0103 \u00een Revista &#8222;Flac\u0103ra&#8221; \u0219i a colaborat la publica\u021bii precum: &#8222;Sc\u00eenteia Tineretului&#8221;, &#8222;Magazin&#8221;, &#8222;Femeia&#8221;, &#8222;Actualitatea rom\u00e2neasc\u0103&#8221;, dar \u0219i la Radio Rom\u00e2nia.Din luna mai \u0219i p\u00e2n\u0103 \u00een octombrie 1990, a ocupat func\u021bia de expert guvernamental la Departamentul de Informa\u021bii Publice al Guvernului.Ioan Mihai Ro\u0219ca a fost publicist-comentator la &#8222;Curierul Na\u021bional&#8221; (octombrie 1990 &#8211; septembrie 1993).A de\u021binut func\u021bia de purt\u0103tor de cuv\u00e2nt al Guvernului V\u0103c\u0103roiu \u00een perioada septembrie 1993 &#8211; decembrie 1996.A fost directorul general al Agen\u021biei Na\u021bionale de Pres\u0103 Agerpres \u00een perioada 19 ianuarie 2001 &#8211; 25 februarie 2013.<\/p>\n<p><a title=\"Zi de DOLIU in lumea jurnalistica. Ziaristul Mihai Stanescu a murit la 48 de ani\" href=\"https:\/\/www.realitatea.net\/stiri\/actual\/zi-de-doliu-in-lumea-jurnalistica-ziaristul-mihai-stanescu-a-murit-la-48-de-ani_6931d82373fe315d08459ca2\">Zi de DOLIU \u00een lumea jurnalistic\u0103. Ziaristul Mihai St\u0103nescu a murit la 48 de ani<\/a><\/p>","protected":false},"excerpt":{"rendered":"<p>Pe 12 decembrie, ar fi \u00eemplinit 78 de ani.El va fi \u00eenmorm\u00e2ntat duminic\u0103, la Cimitirul&hellip;<\/p>\n","protected":false},"author":0,"featured_media":49928,"comment_status":"open","ping_status":"open","sticky":false,"template":"","format":"standard","meta":{"footnotes":""},"categories":[2],"tags":[],"class_list":["post-49927","post","type-post","status-publish","format-standard","has-post-thumbnail","hentry","category-actual"],"_links":{"self":[{"href":"https:\/\/247stiri.ro\/index.php\/wp-json\/wp\/v2\/posts\/49927","targetHints":{"allow":["GET"]}}],"collection":[{"href":"https:\/\/247stiri.ro\/index.php\/wp-json\/wp\/v2\/posts"}],"about":[{"href":"https:\/\/247stiri.ro\/index.php\/wp-json\/wp\/v2\/types\/post"}],"replies":[{"embeddable":true,"href":"https:\/\/247stiri.ro\/index.php\/wp-json\/wp\/v2\/comments?post=49927"}],"version-history":[{"count":0,"href":"https:\/\/247stiri.ro\/index.php\/wp-json\/wp\/v2\/posts\/49927\/revisions"}],"wp:featuredmedia":[{"embeddable":true,"href":"https:\/\/247stiri.ro\/index.php\/wp-json\/wp\/v2\/media\/49928"}],"wp:attachment":[{"href":"https:\/\/247stiri.ro\/index.php\/wp-json\/wp\/v2\/media?parent=49927"}],"wp:term":[{"taxonomy":"category","embeddable":true,"href":"https:\/\/247stiri.ro\/index.php\/wp-json\/wp\/v2\/categories?post=49927"},{"taxonomy":"post_tag","embeddable":true,"href":"https:\/\/247stiri.ro\/index.php\/wp-json\/wp\/v2\/tags?post=49927"}],"curies":[{"name":"wp","href":"https:\/\/api.w.org\/{rel}","templated":true}]}}