{"id":49962,"date":"2025-12-05T22:45:36","date_gmt":"2025-12-05T22:45:36","guid":{"rendered":"https:\/\/247stiri.ro\/index.php\/2025\/12\/05\/anca-alexandrescu-dezminte-una-dintre-marile-minciuni-la-adresa-sa-cum-sa-eutanasiez-cainii-fara-stapan-doamne-dumnezeule-video\/"},"modified":"2025-12-05T22:45:36","modified_gmt":"2025-12-05T22:45:36","slug":"anca-alexandrescu-dezminte-una-dintre-marile-minciuni-la-adresa-sa-cum-sa-eutanasiez-cainii-fara-stapan-doamne-dumnezeule-video","status":"publish","type":"post","link":"https:\/\/247stiri.ro\/index.php\/2025\/12\/05\/anca-alexandrescu-dezminte-una-dintre-marile-minciuni-la-adresa-sa-cum-sa-eutanasiez-cainii-fara-stapan-doamne-dumnezeule-video\/","title":{"rendered":"Anca Alexandrescu dezminte una dintre marile minciuni la adresa sa: \u201eCum s\u0103 eutanasiez c\u00e2inii f\u0103r\u0103 st\u0103p\u00e2n?! Doamne Dumnezeule!\u201d \u2013 VIDEO"},"content":{"rendered":"<p>Unul dintre zvonurile lansate \u00een spa\u021biul virtual este c\u0103, dac\u0103 va ajunge primar general, Anca Alexandrescu ar avea de g\u00e2nd s\u0103 eutanasieze to\u021bi c\u00e2inii f\u0103r\u0103 st\u0103p\u00e2n. Jurnalista a reac\u021bionat vehement, afirm\u00e2nd nu doar c\u0103 nu are de g\u00e2nd s\u0103 fac\u0103 a\u0219a ceva, ci c\u0103 este un lucru care nici m\u0103car nu i-ar trece prin minte, \u00een condi\u021biile \u00een care a crescut \u00eentr-o cas\u0103 \u00een care erau c\u00e2ini \u0219i a fost educat\u0103 \u00een spiritul dragostei pentru animale.<\/p>\n<p><a title=\"@realitatea.plus\" href=\"https:\/\/www.tiktok.com\/@realitatea.plus?refer=embed\" target=\"_blank\">@realitatea.plus<\/a> <a title=\"bucuresti\" href=\"https:\/\/www.tiktok.com\/tag\/bucuresti?refer=embed\" target=\"_blank\">#bucuresti<\/a> <a title=\"exclusiv\" href=\"https:\/\/www.tiktok.com\/tag\/exclusiv?refer=embed\" target=\"_blank\">#exclusiv<\/a> <a title=\"stiri\" href=\"https:\/\/www.tiktok.com\/tag\/stiri?refer=embed\" target=\"_blank\">#stiri<\/a> <a title=\"\u266c original sound - Realitatea Plus\" href=\"https:\/\/www.tiktok.com\/music\/original-sound-7580481565919939350?refer=embed\" target=\"_blank\">\u266c original sound &#8211; Realitatea Plus<\/a><\/p>\n<p>\u00a0<\/p>\n<p>\u00a0<\/p>","protected":false},"excerpt":{"rendered":"<p>Unul dintre zvonurile lansate \u00een spa\u021biul virtual este c\u0103, dac\u0103 va ajunge primar general, Anca&hellip;<\/p>\n","protected":false},"author":0,"featured_media":49958,"comment_status":"open","ping_status":"open","sticky":false,"template":"","format":"standard","meta":{"footnotes":""},"categories":[2],"tags":[],"class_list":["post-49962","post","type-post","status-publish","format-standard","has-post-thumbnail","hentry","category-actual"],"_links":{"self":[{"href":"https:\/\/247stiri.ro\/index.php\/wp-json\/wp\/v2\/posts\/49962","targetHints":{"allow":["GET"]}}],"collection":[{"href":"https:\/\/247stiri.ro\/index.php\/wp-json\/wp\/v2\/posts"}],"about":[{"href":"https:\/\/247stiri.ro\/index.php\/wp-json\/wp\/v2\/types\/post"}],"replies":[{"embeddable":true,"href":"https:\/\/247stiri.ro\/index.php\/wp-json\/wp\/v2\/comments?post=49962"}],"version-history":[{"count":0,"href":"https:\/\/247stiri.ro\/index.php\/wp-json\/wp\/v2\/posts\/49962\/revisions"}],"wp:featuredmedia":[{"embeddable":true,"href":"https:\/\/247stiri.ro\/index.php\/wp-json\/wp\/v2\/media\/49958"}],"wp:attachment":[{"href":"https:\/\/247stiri.ro\/index.php\/wp-json\/wp\/v2\/media?parent=49962"}],"wp:term":[{"taxonomy":"category","embeddable":true,"href":"https:\/\/247stiri.ro\/index.php\/wp-json\/wp\/v2\/categories?post=49962"},{"taxonomy":"post_tag","embeddable":true,"href":"https:\/\/247stiri.ro\/index.php\/wp-json\/wp\/v2\/tags?post=49962"}],"curies":[{"name":"wp","href":"https:\/\/api.w.org\/{rel}","templated":true}]}}