{"id":50004,"date":"2025-12-06T08:45:09","date_gmt":"2025-12-06T08:45:09","guid":{"rendered":"https:\/\/247stiri.ro\/index.php\/2025\/12\/06\/incendiu-puternic-in-caras-severin-izbucnit-din-cauza-scanteilor-de-la-un-cos-de-fum-au-fost-afectate-patru-case\/"},"modified":"2025-12-06T08:45:09","modified_gmt":"2025-12-06T08:45:09","slug":"incendiu-puternic-in-caras-severin-izbucnit-din-cauza-scanteilor-de-la-un-cos-de-fum-au-fost-afectate-patru-case","status":"publish","type":"post","link":"https:\/\/247stiri.ro\/index.php\/2025\/12\/06\/incendiu-puternic-in-caras-severin-izbucnit-din-cauza-scanteilor-de-la-un-cos-de-fum-au-fost-afectate-patru-case\/","title":{"rendered":"Incendiu puternic \u00een Cara\u0219-Severin, izbucnit din cauza sc\u00e2nteilor de la un co\u0219 de fum. Au fost afectate patru case"},"content":{"rendered":"<p>\u201d\u00cen cursul acestei dimine\u0163i, pompierii c\u0103r\u0103\u015feni au fost solicita\u0163i s\u0103 intervin\u0103 pentru stingerea unui incendiu de amploare care a cuprins patru gospod\u0103rii din localitatea Boc\u015fa. La fa\u0163a locului s-au deplasat echipaje din cadrul Deta\u015famentului de Pompieri Re\u015fi\u0163a, cu o autospecial\u0103 de prim\u0103 interven\u0163ie \u015fi comand\u0103, trei autospeciale de stingere, precum \u015fi Serviciul Voluntar pentru Situa\u0163ii de Urgen\u0163\u0103 Boc\u015fa, cu dou\u0103 autospeciale de stingere\u201d, au transmis, s\u00e2mb\u0103t\u0103 diminea\u0163\u0103 reprezentan\u0163ii ISU.<\/p>\n<p>La momentul sosirii echipajelor, primele dou\u0103 locuin\u0163e ardeau generalizat, iar acoperi\u015furile altor dou\u0103 case al\u0103turate erau cuprinse de fl\u0103c\u0103ri. Suprafa\u0163a total\u0103 afectat\u0103 a fost estimat\u0103 la aproximativ 250 de metri p\u0103tra\u0163i.\u00a0Pe parcursul interven\u0163iei, pompierii au reu\u015fit s\u0103 evacueze mai multe bunuri. Din fericire, \u00een urma incendiului nu au fost \u00eenregistrate victime.<\/p>\n<p>\u201dIncendiul a fost lichidat, cauza probabil\u0103 fiind jarul sau sc\u00e2nteile provenite de la un co\u015f de fum deteriorat\u201d, precizeaz\u0103 ISU Cara\u015f-Severin.<\/p>","protected":false},"excerpt":{"rendered":"<p>\u201d\u00cen cursul acestei dimine\u0163i, pompierii c\u0103r\u0103\u015feni au fost solicita\u0163i s\u0103 intervin\u0103 pentru stingerea unui incendiu&hellip;<\/p>\n","protected":false},"author":0,"featured_media":50005,"comment_status":"open","ping_status":"open","sticky":false,"template":"","format":"standard","meta":{"footnotes":""},"categories":[2],"tags":[],"class_list":["post-50004","post","type-post","status-publish","format-standard","has-post-thumbnail","hentry","category-actual"],"_links":{"self":[{"href":"https:\/\/247stiri.ro\/index.php\/wp-json\/wp\/v2\/posts\/50004","targetHints":{"allow":["GET"]}}],"collection":[{"href":"https:\/\/247stiri.ro\/index.php\/wp-json\/wp\/v2\/posts"}],"about":[{"href":"https:\/\/247stiri.ro\/index.php\/wp-json\/wp\/v2\/types\/post"}],"replies":[{"embeddable":true,"href":"https:\/\/247stiri.ro\/index.php\/wp-json\/wp\/v2\/comments?post=50004"}],"version-history":[{"count":0,"href":"https:\/\/247stiri.ro\/index.php\/wp-json\/wp\/v2\/posts\/50004\/revisions"}],"wp:featuredmedia":[{"embeddable":true,"href":"https:\/\/247stiri.ro\/index.php\/wp-json\/wp\/v2\/media\/50005"}],"wp:attachment":[{"href":"https:\/\/247stiri.ro\/index.php\/wp-json\/wp\/v2\/media?parent=50004"}],"wp:term":[{"taxonomy":"category","embeddable":true,"href":"https:\/\/247stiri.ro\/index.php\/wp-json\/wp\/v2\/categories?post=50004"},{"taxonomy":"post_tag","embeddable":true,"href":"https:\/\/247stiri.ro\/index.php\/wp-json\/wp\/v2\/tags?post=50004"}],"curies":[{"name":"wp","href":"https:\/\/api.w.org\/{rel}","templated":true}]}}