{"id":50013,"date":"2025-12-06T09:45:35","date_gmt":"2025-12-06T09:45:35","guid":{"rendered":"https:\/\/247stiri.ro\/index.php\/2025\/12\/06\/scandal-urias-la-tragerea-la-sorti-a-grupelor-cm-2026-donald-trump-acuzat-de-propaganda-politica-dupa-ce-a-primit-premiul-fifa-pentru-pace\/"},"modified":"2025-12-06T09:45:35","modified_gmt":"2025-12-06T09:45:35","slug":"scandal-urias-la-tragerea-la-sorti-a-grupelor-cm-2026-donald-trump-acuzat-de-propaganda-politica-dupa-ce-a-primit-premiul-fifa-pentru-pace","status":"publish","type":"post","link":"https:\/\/247stiri.ro\/index.php\/2025\/12\/06\/scandal-urias-la-tragerea-la-sorti-a-grupelor-cm-2026-donald-trump-acuzat-de-propaganda-politica-dupa-ce-a-primit-premiul-fifa-pentru-pace\/","title":{"rendered":"Scandal uria\u0219 la tragerea la sor\u021bi a grupelor CM 2026. Donald Trump, acuzat de propagand\u0103 politic\u0103, dup\u0103 ce a primit Premiul FIFA pentru Pace"},"content":{"rendered":"<p>\u00cenainte de deschiderea urnelor, Trump a fost onorat cu primul Premiul FIFA pentru Pace, o distinc\u021bie creat\u0103 pentru a premia \u201eini\u021biative remarcabile dedicate armoniei \u0219i colabor\u0103rii globale\u201d. FIFA a motivat gestul prin eforturile diplomatice ale lui Trump pentru dialog, dezescaladare \u0219i negocierea armisti\u021biilor, subliniind sus\u021binerea sa pentru fotbalul mondial.\u200b<\/p>\n<p>Miguel Maduro, fost oficial FIFA \u0219i fost \u0219ef al comisiei de respectare a statutelor, a condamnat dur decizia, acuz\u00e2nd o clar\u0103 violare a neutralit\u0103\u021bii politice a forului. De asemenea, Maduro a cerut explica\u021bii publice de la Comisia de Etic\u0103 \u0219i a amintit c\u0103 regulamentele FIFA impun evitarea oric\u0103ror influen\u021be politice.<\/p>\n<p>\u201eFaptul c\u0103 FIFA a acordat un premiu pentru pace nu e deloc problematic. Problema apare abia atunci c\u00e2nd premiul se duce c\u0103tre o persoan\u0103 implicat\u0103 activ \u00een politic\u0103.<\/p>\n<p>Este o violare a neutralit\u0103\u021bii politice. \u00cen primul r\u00e2nd, FIFA ia o pozi\u021bie politic\u0103 asupra activit\u0103\u021bii desf\u0103\u0219urate de un actor politic, \u00een acest caz Trump. \u00cen al doilea r\u00e2nd, este un gest politic acela de a acorda un premiu unui astfel de om.\u00a0Dac\u0103 Comisia de Etic\u0103 trage concluzia c\u0103 regulamentul a fost respectat, atunci trebuie s\u0103 ofere \u0219i un argument. Sunt foarte curios \u00een leg\u0103tur\u0103 cu acest argument!\u201d, a spus Miguel Maduro, citat de\u00a0<a href=\"https:\/\/www.nrk.no\/fotballvm2026\/donald-trump-fekk-fifas-fredspris-_-miguel-maduro-meiner-tildelinga-ma-bli-granska-1.17671778\">nrk.no.<\/a><\/p>","protected":false},"excerpt":{"rendered":"<p>\u00cenainte de deschiderea urnelor, Trump a fost onorat cu primul Premiul FIFA pentru Pace, o&hellip;<\/p>\n","protected":false},"author":0,"featured_media":50007,"comment_status":"open","ping_status":"open","sticky":false,"template":"","format":"standard","meta":{"footnotes":""},"categories":[2],"tags":[],"class_list":["post-50013","post","type-post","status-publish","format-standard","has-post-thumbnail","hentry","category-actual"],"_links":{"self":[{"href":"https:\/\/247stiri.ro\/index.php\/wp-json\/wp\/v2\/posts\/50013","targetHints":{"allow":["GET"]}}],"collection":[{"href":"https:\/\/247stiri.ro\/index.php\/wp-json\/wp\/v2\/posts"}],"about":[{"href":"https:\/\/247stiri.ro\/index.php\/wp-json\/wp\/v2\/types\/post"}],"replies":[{"embeddable":true,"href":"https:\/\/247stiri.ro\/index.php\/wp-json\/wp\/v2\/comments?post=50013"}],"version-history":[{"count":0,"href":"https:\/\/247stiri.ro\/index.php\/wp-json\/wp\/v2\/posts\/50013\/revisions"}],"wp:featuredmedia":[{"embeddable":true,"href":"https:\/\/247stiri.ro\/index.php\/wp-json\/wp\/v2\/media\/50007"}],"wp:attachment":[{"href":"https:\/\/247stiri.ro\/index.php\/wp-json\/wp\/v2\/media?parent=50013"}],"wp:term":[{"taxonomy":"category","embeddable":true,"href":"https:\/\/247stiri.ro\/index.php\/wp-json\/wp\/v2\/categories?post=50013"},{"taxonomy":"post_tag","embeddable":true,"href":"https:\/\/247stiri.ro\/index.php\/wp-json\/wp\/v2\/tags?post=50013"}],"curies":[{"name":"wp","href":"https:\/\/api.w.org\/{rel}","templated":true}]}}