{"id":50014,"date":"2025-12-06T09:45:36","date_gmt":"2025-12-06T09:45:36","guid":{"rendered":"https:\/\/247stiri.ro\/index.php\/2025\/12\/06\/roman-urmarit-international-pentru-omor-prins-in-marea-britanie-2-morti-si-3-raniti-dupa-un-accident-provocat-intentionat-in-2021\/"},"modified":"2025-12-06T09:45:36","modified_gmt":"2025-12-06T09:45:36","slug":"roman-urmarit-international-pentru-omor-prins-in-marea-britanie-2-morti-si-3-raniti-dupa-un-accident-provocat-intentionat-in-2021","status":"publish","type":"post","link":"https:\/\/247stiri.ro\/index.php\/2025\/12\/06\/roman-urmarit-international-pentru-omor-prins-in-marea-britanie-2-morti-si-3-raniti-dupa-un-accident-provocat-intentionat-in-2021\/","title":{"rendered":"Rom\u00e2n, urm\u0103rit interna\u021bional pentru omor, prins \u00een Marea Britanie. 2 mor\u021bi \u0219i 3 r\u0103ni\u021bi, dup\u0103 un accident provocat inten\u021bionat, \u00een 2021"},"content":{"rendered":"<p>Potrivit IPJ Ialomi\u0163a, pe numele b\u0103rbatului era emis un mandat de executare a pedepsei cu \u00eenchisoarea pentru 20 de ani, dup\u0103 ce Tribunalul Ialomi\u0163a l-a condamnat pentru s\u0103v\u00e2r\u015firea infrac\u0163iunii de violen\u0163\u0103 \u00een familie \u00een forma omorului calificat.<\/p>\n<p>Condamnarea vizeaz\u0103 fapte care au avut loc \u00een anul 2021, c\u00e2nd b\u0103rbatul a intrat inten\u0163ionat cu autoturismul \u00eentr-o alt\u0103 ma\u015fin\u0103. \u00cen urma impactului, dou\u0103 persoane \u015fi-au pierdut via\u0163a, iar alte trei au fost r\u0103nite.<\/p>\n<p>Identificarea acestuia \u00een Marea Britanie a fost posibil\u0103 \u00een urma schimbului operativ de informa\u0163ii \u015fi a mai multor inform\u0103ri transmise prin canalul de cooperare interna\u0163ional\u0103 INTERPOL, care au oferit poli\u0163i\u015ftilor date actualizate despre deplas\u0103rile \u015fi posibila loca\u0163ie a fugarului.<\/p>\n<p>Autorit\u0103\u0163ile britanice au confirmat depistarea \u015fi arestarea b\u0103rbatului, urm\u00e2nd s\u0103 fie ini\u0163iate procedurile de extr\u0103dare c\u0103tre Rom\u00e2nia pentru executarea pedepsei.<\/p>\n<p>\u00a0<\/p>","protected":false},"excerpt":{"rendered":"<p>Potrivit IPJ Ialomi\u0163a, pe numele b\u0103rbatului era emis un mandat de executare a pedepsei cu&hellip;<\/p>\n","protected":false},"author":0,"featured_media":50015,"comment_status":"open","ping_status":"open","sticky":false,"template":"","format":"standard","meta":{"footnotes":""},"categories":[2],"tags":[],"class_list":["post-50014","post","type-post","status-publish","format-standard","has-post-thumbnail","hentry","category-actual"],"_links":{"self":[{"href":"https:\/\/247stiri.ro\/index.php\/wp-json\/wp\/v2\/posts\/50014","targetHints":{"allow":["GET"]}}],"collection":[{"href":"https:\/\/247stiri.ro\/index.php\/wp-json\/wp\/v2\/posts"}],"about":[{"href":"https:\/\/247stiri.ro\/index.php\/wp-json\/wp\/v2\/types\/post"}],"replies":[{"embeddable":true,"href":"https:\/\/247stiri.ro\/index.php\/wp-json\/wp\/v2\/comments?post=50014"}],"version-history":[{"count":0,"href":"https:\/\/247stiri.ro\/index.php\/wp-json\/wp\/v2\/posts\/50014\/revisions"}],"wp:featuredmedia":[{"embeddable":true,"href":"https:\/\/247stiri.ro\/index.php\/wp-json\/wp\/v2\/media\/50015"}],"wp:attachment":[{"href":"https:\/\/247stiri.ro\/index.php\/wp-json\/wp\/v2\/media?parent=50014"}],"wp:term":[{"taxonomy":"category","embeddable":true,"href":"https:\/\/247stiri.ro\/index.php\/wp-json\/wp\/v2\/categories?post=50014"},{"taxonomy":"post_tag","embeddable":true,"href":"https:\/\/247stiri.ro\/index.php\/wp-json\/wp\/v2\/tags?post=50014"}],"curies":[{"name":"wp","href":"https:\/\/api.w.org\/{rel}","templated":true}]}}